{"id":37072,"date":"2021-08-08T20:15:16","date_gmt":"2021-08-09T01:15:16","guid":{"rendered":"http:\/\/contraluzcucuta.co\/?p=37072"},"modified":"2021-08-08T20:15:16","modified_gmt":"2021-08-09T01:15:16","slug":"crisis-en-venezuela-hasta-el-papa-le-reza-al-medico-de-los-pobres","status":"publish","type":"post","link":"https:\/\/contraluzcucuta.co\/?p=37072","title":{"rendered":"CRISIS EN VENEZUELA. Hasta el Papa le reza al \u2018m\u00e9dico de los pobres\u2019"},"content":{"rendered":"<p style=\"padding-left: 40px; text-align: right;\"><strong><span style=\"color: #ff9900;\">ISNOT\u00da, Venezuela \u2014 Los devotos empezaron a llegar antes del amanecer, sus siluetas surg\u00edan de la densa niebla, acompa\u00f1adas por el canto de los p\u00e1jaros y el clamor de las campanas de la iglesia.<\/span><\/strong><\/p>\n<p>Hab\u00edan andado por sinuosos caminos monta\u00f1osos atascados con escombros de un deslizamiento de lodo y atravesando puestos de control vigilados por soldados, para rendir homenaje a la estatua de un doctor con la mano tendida. Muchos viajaron a pie debido a la escasez generalizada de gasolina.<\/p>\n<p>Deivis V\u00e1squez lleg\u00f3, present\u00f3 a su \u00fanico hijo frente a la estatua del m\u00e9dico y llor\u00f3, sobrecogido por la emoci\u00f3n de que su hijo estuviera suficientemente bien como para mostrar su gratitud en persona.<\/p>\n<p>Meses atr\u00e1s, V\u00e1squez hab\u00eda estado en este mismo lugar, en la profundidad de las estribaciones de los Andes, mientras su hijo de 14 a\u00f1os, Deivi Rafael, yac\u00eda en un coma conectado a un respirador en la unidad de cuidados intensivos pedi\u00e1tricos de un hospital gubernamental.<\/p>\n<p>Un accidente de motocicleta le hab\u00eda causado grave trauma craneal y el equipo m\u00e9dico que atend\u00eda al ni\u00f1o no esperaba que sobreviviera. Si desafiaba los pron\u00f3sticos y volv\u00eda, ten\u00eda 95 por ciento de probabilidades de quedar con da\u00f1o cerebral permanente.<\/p>\n<p>\u201cYa no hab\u00eda pr\u00e1cticamente nada que hacer\u201d, dijo su m\u00e9dico, el neurocirujano \u00c9dgar Altuve. \u201cSi yo me pon\u00eda a someterlo a una intervenci\u00f3n quir\u00fargica era m\u00e1s bien matarlo\u201d.<\/p>\n<p>Aterrado de que su hijo muriera, V\u00e1squez condujo su camioneta desde el pueblito de Isnot\u00fa para rezar ante la gran estatua de m\u00e1rmol del doctor Jos\u00e9 Gregorio Hern\u00e1ndez, conocido en todo el pa\u00eds como el \u201cm\u00e9dico de los pobres\u201d de Venezuela.<\/p>\n<p>Durante d\u00e9cadas, los venezolanos como \u00e9l han acudido en masa a Isnot\u00fa para rogar al doctor Hern\u00e1ndez que cure a sus seres queridos.<\/p>\n<p>Cuando los devotos creen que una sanaci\u00f3n puede atribu\u00edrsele a la intercesi\u00f3n del m\u00e9dico, presentan placas de metal a la estatua en se\u00f1al de agradecimiento. Varios miles de placas \u2014grabadas con mensajes que relatan cirug\u00edas exitosas y milagros\u2014 se han llevado al santuario desde su fundaci\u00f3n en 1960. Ya queda poco espacio para m\u00e1s.<\/p>\n<p>Nacido en Isnot\u00fa en 1864, Hern\u00e1ndez estudi\u00f3 medicina en Par\u00eds. M\u00e1s tarde, el gobierno venezolano le pidi\u00f3 que ayudara a modernizar el sistema de salud del pa\u00eds, como maestro y como investigador.<\/p>\n<p>Su fama de donar medicamentos y atender gratis a los pacientes m\u00e1s vulnerables de Caracas le gan\u00f3 un lugar en el folclor venezolano.<\/p>\n<p>Muri\u00f3 en 1919, durante la pandemia de gripe, cuando un auto lo embisti\u00f3 fatalmente al cruzar la calle. Acababa de salir de la farmacia para llevarle medicinas a una anciana.<\/p>\n<p>La imagen de Hern\u00e1ndez \u2014un hombre de bigote en traje negro, bata blanca y bomb\u00edn de fieltro\u2014 es ic\u00f3nica en la cultura venezolana y atrae seguidores de todo el espectro pol\u00edtico.<\/p>\n<p>Los venezolanos que han perdido la fe tanto en el gobierno de Nicol\u00e1s Maduro como en la oposici\u00f3n pol\u00edtica coinciden en que el doctor Hern\u00e1ndez puede satisfacer su necesidad principal: atenci\u00f3n de salud, dijo Daniel Esparza, un especialista de doctorado en la Universidad de Columbia enfocado en el papel que tiene la religi\u00f3n en la Venezuela contempor\u00e1nea.<\/p>\n<p>\u201cEs un civil que ha servido de hecho a otros civiles y eso es algo que ambos partidos comparten\u201d, dijo Esparza. \u201cEstamos hu\u00e9rfanos de modelos a seguir, y ah\u00ed es donde entra Jos\u00e9 Gregorio\u201d.<\/p>\n<p>Los l\u00edderes cat\u00f3licos locales empezaron a pedir al Vaticano en 1949 que pusiera a Hern\u00e1ndez en el camino a la santificaci\u00f3n. Durante las d\u00e9cadas transcurridas mientras se beatific\u00f3 al m\u00e9dico, muchos venezolanos encend\u00edan velas en su nombre y pon\u00edan im\u00e1genes de \u00e9l en sus altares privados. Para ellos ya era un santo.<\/p>\n<p>La veneraci\u00f3n generalizada hacia el doctor es patente en Caracas, donde barrios de bloques rojos bordean las lomas alrededor del Hospital General del Oeste Dr. Jos\u00e9 Gregorio Hern\u00e1ndez, en Catia, una zona de clase trabajadora.<\/p>\n<p>En plena pandemia y en el octavo a\u00f1o de una crisis humanitaria y econ\u00f3mica desgastante caracterizada por el colapso de los hospitales p\u00fablicos y la escasez generalizada de medicamentos, los pacientes del hospital rezan con frecuencia al doctor.<\/p>\n<p>Tambi\u00e9n lo hacen muchos trabajadores de la salud.<\/p>\n<p>\u201cEs bastante dif\u00edcil, porque a veces uno hace m\u00e1s que lo humanamente posible\u201d, dijo la doctora Laura de la Rosa, quien atiende pacientes de COVID-19 en el hospital. \u201cLlega un punto en que t\u00fa dices: \u2018Oye, Jos\u00e9 Gregorio, ya como m\u00e9dico, aqu\u00ed en este punto terrenal para nosotros, hasta aqu\u00ed pudimos dar; ay\u00fadanos t\u00fa desde arriba a ver qu\u00e9 tanto podemos seguir d\u00e1ndole a este paciente\u2019\u201d.<\/p>\n<p>En el ala pedi\u00e1trica, Gabriel Tomoche, de 11 a\u00f1os, llevaba semanas esperando una imagenolog\u00eda que los m\u00e9dicos necesitaban para diagnosticar un bulto que crec\u00eda en su h\u00edgado. Sus familiares le pon\u00edan pa\u00f1os mojados en la frente y el est\u00f3mago en un intento por bajarle la fiebre. Luego ayudaron a llevarlo a un altar adornado con cartas escritas con caligraf\u00eda infantil dirigidas al doctor Hern\u00e1ndez.<\/p>\n<p>\u201cQue me ayudara, para ver si puedo salir r\u00e1pido de aqu\u00ed\u201d, pidi\u00f3 Gabriel. \u201cYo quiero ir a mi casa\u201d.<\/p>\n<p>En el barrio Jos\u00e9 Gregorio Hern\u00e1ndez en Cotiza, otro vecindario de Caracas, los j\u00f3venes que jugaban baloncesto se arremangaron las camisas y pantalones para mostrar sus tatuajes del m\u00e9dico.<\/p>\n<p>&nbsp;<\/p>\n<p>Greymer Ricaurte, un rapero y dise\u00f1ador gr\u00e1fico de 32 a\u00f1os, se tatu\u00f3 el rostro del doctor Hern\u00e1ndez en la pierna y dijo que le hab\u00eda rezado luego de que le dispararon seis veces cuando fue v\u00edctima de un asalto. Una de las balas le traspas\u00f3 el pulm\u00f3n y casi muere. A\u00fan enciende velas para el doctor Hern\u00e1ndez y dice que el m\u00e9dico le ayud\u00f3 a sobrevivir.<\/p>\n<p>Lucy Monasterios, de 61 a\u00f1os, vive en el barrio y trabaja como enfermera en una cl\u00ednica del Estado para mujeres. Dice que hace 38 a\u00f1os, luego de un mes de tratamientos ineficaces para un caso severo de peritonitis un m\u00e9dico parecido al doctor Jos\u00e9 Gregorio Hern\u00e1ndez entr\u00f3 a su habitaci\u00f3n del hospital y le dijo: \u201cTranquila, ma\u00f1ana se va a sentir mejor\u201d. Le toc\u00f3 la frente y el est\u00f3mago, dice, y luego se march\u00f3.<\/p>\n<p>El hospital dice que ninguno de sus doctores la visit\u00f3 en aquel momento. Ella est\u00e1 convencida de que fue el doctor Hern\u00e1ndez.<\/p>\n<p>Monasterios dice que su salud empez\u00f3 a mejorar poco despu\u00e9s.<\/p>\n<p>En 1986, el Vaticano declar\u00f3 que el doctor Hern\u00e1ndez era una figura \u201cvenerable\u201d, un paso requerido en el camino a la santidad.<\/p>\n<p>Una d\u00e9cada m\u00e1s tarde, los venezolanos impacientes presentaron una petici\u00f3n firmada por cinco millones de personas al papa Juan Pablo II, inst\u00e1ndolo a acelerar el proceso de beatificaci\u00f3n. Pero no fue sino reci\u00e9n hasta este verano, un siglo despu\u00e9s de su muerte, que el papa Francisco al fin declar\u00f3 que el doctor Hern\u00e1ndez calificaba.<\/p>\n<p>El milagro que el Vaticano acept\u00f3 para la beatificaci\u00f3n fue la recuperaci\u00f3n de Yasuri Sol\u00f3rzano Ortega, una ni\u00f1a de 10 a\u00f1os que recibi\u00f3 un disparo en la cabeza y desafi\u00f3 los pron\u00f3sticos m\u00e9dicos al recuperarse completamente luego de que su madre rez\u00f3 al doctor Hern\u00e1ndez.<\/p>\n<p>Yaxuri estuvo en la ceremonia oficial de beatificaci\u00f3n esta primavera.<\/p>\n<p>El papa Francisco no estuvo presente, pero envi\u00f3 un mensaje en video en el que describ\u00eda al doctor Hern\u00e1ndez como \u201cun modelo de santidad comprometida con la defensa de la vida\u201d.<\/p>\n<p>El papa argentino \u2014el primer pont\u00edfice latinoamericano\u2014 dijo que jam\u00e1s hab\u00eda conocido a un venezolano que \u201cen la mitad de la conversaci\u00f3n al fin no dijera: \u2018\u00bfy cu\u00e1ndo es la beatificaci\u00f3n de Gregorio?\u2019. Lo llevaban en el alma\u201d.<\/p>\n<p>Francisco agreg\u00f3: \u201cle pido al beato Jos\u00e9 Gregorio Hern\u00e1ndez por todos ustedes\u201d.<\/p>\n<p>Aunque el Vaticano no ha clasificado la recuperaci\u00f3n de Deivi Rafael como un milagro, la familia V\u00e1squez y los curas en Isnot\u00fa creen que lo es.<\/p>\n<p>Sali\u00f3 de su coma y de varias semanas de rehabilitaci\u00f3n con sus habilidades cognitivas y motoras tan enteras como antes. Sus m\u00e9dicos estaban asombrados.<\/p>\n<p>\u201cMe devolvi\u00f3 la vida\u201d, dijo solemnemente Deivi Rafael refiri\u00e9ndose al doctor Hern\u00e1ndez. \u201cHay que darle gratitud porque, como \u00e9l me san\u00f3 a m\u00ed, \u00e9l ha sanado a muchos. Y seguir\u00e1 sanando\u201d.<\/p>\n<p><strong>ISAYEN HERRERA y MERIDITH KOHUT<\/strong><\/p>\n","protected":false},"excerpt":{"rendered":"<p>ISNOT\u00da, Venezuela \u2014 Los devotos empezaron a llegar antes del amanecer, sus siluetas surg\u00edan de la densa niebla, acompa\u00f1adas por el canto de los p\u00e1jaros y el clamor de las campanas de la iglesia. Hab\u00edan andado por sinuosos caminos monta\u00f1osos atascados con escombros de un deslizamiento de lodo y atravesando puestos de control vigilados por &hellip;<\/p>\n","protected":false},"author":1,"featured_media":37073,"comment_status":"open","ping_status":"open","sticky":false,"template":"","format":"standard","meta":{"footnotes":""},"categories":[1326,4],"tags":[1164,5227,5226,594],"class_list":["post-37072","post","type-post","status-publish","format-standard","has-post-thumbnail","hentry","category-crisis-en-venezuela-2","category-barra","tag-crisis-en-venezuela","tag-isnotu","tag-jose-gregorio-hernandez","tag-papa-francisco"],"_links":{"self":[{"href":"https:\/\/contraluzcucuta.co\/index.php?rest_route=\/wp\/v2\/posts\/37072","targetHints":{"allow":["GET"]}}],"collection":[{"href":"https:\/\/contraluzcucuta.co\/index.php?rest_route=\/wp\/v2\/posts"}],"about":[{"href":"https:\/\/contraluzcucuta.co\/index.php?rest_route=\/wp\/v2\/types\/post"}],"author":[{"embeddable":true,"href":"https:\/\/contraluzcucuta.co\/index.php?rest_route=\/wp\/v2\/users\/1"}],"replies":[{"embeddable":true,"href":"https:\/\/contraluzcucuta.co\/index.php?rest_route=%2Fwp%2Fv2%2Fcomments&post=37072"}],"version-history":[{"count":1,"href":"https:\/\/contraluzcucuta.co\/index.php?rest_route=\/wp\/v2\/posts\/37072\/revisions"}],"predecessor-version":[{"id":37074,"href":"https:\/\/contraluzcucuta.co\/index.php?rest_route=\/wp\/v2\/posts\/37072\/revisions\/37074"}],"wp:featuredmedia":[{"embeddable":true,"href":"https:\/\/contraluzcucuta.co\/index.php?rest_route=\/wp\/v2\/media\/37073"}],"wp:attachment":[{"href":"https:\/\/contraluzcucuta.co\/index.php?rest_route=%2Fwp%2Fv2%2Fmedia&parent=37072"}],"wp:term":[{"taxonomy":"category","embeddable":true,"href":"https:\/\/contraluzcucuta.co\/index.php?rest_route=%2Fwp%2Fv2%2Fcategories&post=37072"},{"taxonomy":"post_tag","embeddable":true,"href":"https:\/\/contraluzcucuta.co\/index.php?rest_route=%2Fwp%2Fv2%2Ftags&post=37072"}],"curies":[{"name":"wp","href":"https:\/\/api.w.org\/{rel}","templated":true}]}}