{"id":37036,"date":"2021-08-01T17:44:02","date_gmt":"2021-08-01T22:44:02","guid":{"rendered":"http:\/\/contraluzcucuta.co\/?p=37036"},"modified":"2021-08-01T17:50:37","modified_gmt":"2021-08-01T22:50:37","slug":"trata-de-personas-poblacion-migrante-venezolana-la-mas-afectada","status":"publish","type":"post","link":"https:\/\/contraluzcucuta.co\/?p=37036","title":{"rendered":"TRATA DE PERSONAS. Poblaci\u00f3n migrante venezolana, la m\u00e1s afectada"},"content":{"rendered":"<p style=\"padding-left: 40px; text-align: right;\"><strong><span style=\"color: #ff9900;\">C\u00daCUTA.- El parque Antonia Santos, que recuerda a la hero\u00edna de la independencia fusilada hace 202 a\u00f1os, prest\u00f3 sus paredes para la elaboraci\u00f3n del mural conmemorativo del D\u00eda Internacional en contra de la trata de personas. El trabajo art\u00edstico estuvo a cargo del colectivo Quinta con Quinta Crew y servir\u00e1 para llamar a la reflexi\u00f3n social de los cucute\u00f1os.<\/span><\/strong><\/p>\n<p>El programa Conectando Caminos por los Derechos, financiado por la Agencia de los Estados Unidos para el Desarrollo Internacional (Usaid), organiz\u00f3 en el pa\u00eds varias actividades para evitar que esta fecha pase inadvertida entre los colombianos.<\/p>\n<p>Este drama de la trata de personas lo sufre, en la gran mayor\u00eda, la poblaci\u00f3n migrante venezolana. El 63 % de los casos ocurridos en el departamento, en el 2020, toc\u00f3 a mujeres venezolanas. En los \u00faltimos dos a\u00f1os, la trata de personas en Norte de Santander ha aumentado de manera preocupante: entre 2019 y 2020, los casos aumentaron 267 %, al pasar de 3 a 11 v\u00edctimas explotadas, tanto de trata interna (4) como de trata externa (7).<\/p>\n<p>Las cifras corresponden al estudio Una mirada a la trata de personas en Norte de Santander, elaborado por Border Lab &#8211; Laboratorio de Frontera, el laboratorio de innovaci\u00f3n social de La Opini\u00f3n, presentado en el foro \u00bfQu\u00e9 est\u00e1 pasando con las mujeres en Norte de Santander?<\/p>\n<p><a href=\"https:\/\/contraluzcucuta.co\/wp-content\/uploads\/2021\/08\/MURAL-ANTONIA-SANTOS-1.jpg\"><img loading=\"lazy\" decoding=\"async\" class=\"alignnone size-medium wp-image-37039\" src=\"https:\/\/contraluzcucuta.co\/wp-content\/uploads\/2021\/08\/MURAL-ANTONIA-SANTOS-1-300x197.jpg\" alt=\"\" width=\"300\" height=\"197\" srcset=\"https:\/\/contraluzcucuta.co\/wp-content\/uploads\/2021\/08\/MURAL-ANTONIA-SANTOS-1-300x197.jpg 300w, https:\/\/contraluzcucuta.co\/wp-content\/uploads\/2021\/08\/MURAL-ANTONIA-SANTOS-1-600x394.jpg 600w, https:\/\/contraluzcucuta.co\/wp-content\/uploads\/2021\/08\/MURAL-ANTONIA-SANTOS-1-310x205.jpg 310w, https:\/\/contraluzcucuta.co\/wp-content\/uploads\/2021\/08\/MURAL-ANTONIA-SANTOS-1.jpg 680w\" sizes=\"auto, (max-width: 300px) 100vw, 300px\" \/><\/a><\/p>\n<p>El programa de Usaid, implementado por el consorcio integrado por Freedom House, Pact, ABA-ROLI e Internews, y gestor de esta actividad, se ha creado con el prop\u00f3sito de apoyar la transici\u00f3n entre la ayuda humanitaria y el desarrollo de mediano y largo plazo para migrantes venezolanos, colombianos retornados y comunidades receptoras en Colombia.<\/p>\n<p>Las estad\u00edsticas ubican a Norte de Santander como el primer departamento de destino del pa\u00eds con mayor explotaci\u00f3n de personas durante 2020. Registr\u00f3 el mayor n\u00famero de casos y super\u00f3 a Bogot\u00e1, Antioquia, Valle del Cauca y Risaralda.<\/p>\n<p>Seg\u00fan el Grupo de Lucha contra la Trata de Personas del Ministerio del Interior, en 2020 respecto a 2019, en C\u00facuta creci\u00f3 el n\u00famero de v\u00edctimas de trata interna. Se conocieron cuatro casos.<\/p>\n<p>En Norte de Santander el hecho victimizante tiene como causas las siguientes:<\/p>\n<p>1.- Altas tasas de desempleo e informalidad<\/p>\n<p>2.- Alta presencia de grupos armados y redes criminales<\/p>\n<p>3.- Flujo migratorio por los pasos ilegales<\/p>\n<p>4.- Alta permanencia de poblaci\u00f3n migrante en condici\u00f3n de vulnerabilidad y de irregularidad.<\/p>\n<p><a href=\"https:\/\/contraluzcucuta.co\/wp-content\/uploads\/2021\/08\/MURAL-ANTONIA-SANTOS-3.jpg\"><img loading=\"lazy\" decoding=\"async\" class=\"alignnone size-medium wp-image-37041\" src=\"https:\/\/contraluzcucuta.co\/wp-content\/uploads\/2021\/08\/MURAL-ANTONIA-SANTOS-3-300x216.jpg\" alt=\"\" width=\"300\" height=\"216\" srcset=\"https:\/\/contraluzcucuta.co\/wp-content\/uploads\/2021\/08\/MURAL-ANTONIA-SANTOS-3-300x216.jpg 300w, https:\/\/contraluzcucuta.co\/wp-content\/uploads\/2021\/08\/MURAL-ANTONIA-SANTOS-3.jpg 601w\" sizes=\"auto, (max-width: 300px) 100vw, 300px\" \/><\/a><\/p>\n<p>Seg\u00fan el Banco Interamericano de Desarrollo y la Oficina de la Organizaci\u00f3n de Naciones Unidas contra la Droga y el Delito, por cada v\u00edctima de trata registrada, se estima la existencia de 20 sin identificar. El subregistro alcanza el 95 %.<\/p>\n<p>Las finalidades de la trata de personas son:<\/p>\n<p>1.- Explotaci\u00f3n sexual<\/p>\n<p>2.- Trabajos forzados<\/p>\n<p>3.- Esclavitud o pr\u00e1cticas an\u00e1logas a esta<\/p>\n<p>4.- Servidumbre<\/p>\n<p>5.- Explotaci\u00f3n de la mendicidad ajena<\/p>\n<p>6.- Matrimonio servil o forzado<\/p>\n<p>7.- Extracci\u00f3n de \u00f3rganos<\/p>\n<p>8.- Turismo sexual<\/p>\n<p>En Norte de Santander el hecho de mayor ocurrencia es la explotaci\u00f3n sexual, con el 82 %.<\/p>\n","protected":false},"excerpt":{"rendered":"<p>C\u00daCUTA.- El parque Antonia Santos, que recuerda a la hero\u00edna de la independencia fusilada hace 202 a\u00f1os, prest\u00f3 sus paredes para la elaboraci\u00f3n del mural conmemorativo del D\u00eda Internacional en contra de la trata de personas. El trabajo art\u00edstico estuvo a cargo del colectivo Quinta con Quinta Crew y servir\u00e1 para llamar a la reflexi\u00f3n &hellip;<\/p>\n","protected":false},"author":1,"featured_media":37037,"comment_status":"open","ping_status":"open","sticky":false,"template":"","format":"standard","meta":{"footnotes":""},"categories":[4,36],"tags":[5221,5220,1670],"class_list":["post-37036","post","type-post","status-publish","format-standard","has-post-thumbnail","hentry","category-barra","category-la-voz-del-pueblo","tag-agencia-loor","tag-parque-antonia-santos","tag-quinta-con-quinta"],"_links":{"self":[{"href":"https:\/\/contraluzcucuta.co\/index.php?rest_route=\/wp\/v2\/posts\/37036","targetHints":{"allow":["GET"]}}],"collection":[{"href":"https:\/\/contraluzcucuta.co\/index.php?rest_route=\/wp\/v2\/posts"}],"about":[{"href":"https:\/\/contraluzcucuta.co\/index.php?rest_route=\/wp\/v2\/types\/post"}],"author":[{"embeddable":true,"href":"https:\/\/contraluzcucuta.co\/index.php?rest_route=\/wp\/v2\/users\/1"}],"replies":[{"embeddable":true,"href":"https:\/\/contraluzcucuta.co\/index.php?rest_route=%2Fwp%2Fv2%2Fcomments&post=37036"}],"version-history":[{"count":3,"href":"https:\/\/contraluzcucuta.co\/index.php?rest_route=\/wp\/v2\/posts\/37036\/revisions"}],"predecessor-version":[{"id":37042,"href":"https:\/\/contraluzcucuta.co\/index.php?rest_route=\/wp\/v2\/posts\/37036\/revisions\/37042"}],"wp:featuredmedia":[{"embeddable":true,"href":"https:\/\/contraluzcucuta.co\/index.php?rest_route=\/wp\/v2\/media\/37037"}],"wp:attachment":[{"href":"https:\/\/contraluzcucuta.co\/index.php?rest_route=%2Fwp%2Fv2%2Fmedia&parent=37036"}],"wp:term":[{"taxonomy":"category","embeddable":true,"href":"https:\/\/contraluzcucuta.co\/index.php?rest_route=%2Fwp%2Fv2%2Fcategories&post=37036"},{"taxonomy":"post_tag","embeddable":true,"href":"https:\/\/contraluzcucuta.co\/index.php?rest_route=%2Fwp%2Fv2%2Ftags&post=37036"}],"curies":[{"name":"wp","href":"https:\/\/api.w.org\/{rel}","templated":true}]}}