{"id":36960,"date":"2021-06-30T19:21:11","date_gmt":"2021-07-01T00:21:11","guid":{"rendered":"http:\/\/contraluzcucuta.co\/?p=36960"},"modified":"2021-06-30T19:32:20","modified_gmt":"2021-07-01T00:32:20","slug":"artenor-en-los-patios-se-escuchan-los-sonidos-del-norte","status":"publish","type":"post","link":"https:\/\/contraluzcucuta.co\/?p=36960","title":{"rendered":"ARTENOR. En los Patios se escuchan los \u2018Sonidos del Norte\u2019"},"content":{"rendered":"<p style=\"padding-left: 40px; text-align: right;\"><strong><span style=\"color: #ff9900;\">LOS PATIOS \u2013 Norte de Santander.- La Fundaci\u00f3n Art\u00edstica y Cultural de Norte de Santander (Artenor) lidera el proyecto \u2018Sonidos del Norte\u2019, compuesto por grupos de c\u00e1mara en vientos y cuerdas. El objetivo es fomentar, fortalecer y generar h\u00e1bitos, saberes y valores de la identidad musical y cultural de Los Patios.<\/span><\/strong><\/p>\n<p>Los ensambles musicales los conforman 20 ni\u00f1os y j\u00f3venes entre 14 y 22 a\u00f1os. Los m\u00fasicos hacen parte de los programas de formaci\u00f3n adelantados por el municipio y el colegio Comfanorte.<\/p>\n<p>\u201cLo que queremos lograr con estos ensambles de m\u00fasica de c\u00e1mara es que ni\u00f1os y j\u00f3venes asuman un reto\u201d, dijo Jhonny Moreno Morera, director de la Fundaci\u00f3n Artenor. El reto planteado es tocar, en un grupo de 15 m\u00fasicos, las obras escritas para agrupaciones y orquestas que se componen de 40 a 50 m\u00fasicos. \u201cEsto hace que los ni\u00f1os se exijan y lleguen a un nivel musical m\u00e1s alto\u201d, anot\u00f3.<\/p>\n<p>El proyecto contempla un ciclo de formaci\u00f3n para el montaje de los ensambles y el repertorio musical para la posterior serie de presentaciones. En julio, se cumplir\u00e1n las salidas en escenarios, colegios, bibliotecas y teatros patienses.<\/p>\n<p><a href=\"https:\/\/contraluzcucuta.co\/wp-content\/uploads\/2021\/06\/ARTENOR-2.jpg\"><img loading=\"lazy\" decoding=\"async\" class=\"alignnone size-medium wp-image-36963\" src=\"https:\/\/contraluzcucuta.co\/wp-content\/uploads\/2021\/06\/ARTENOR-2-300x224.jpg\" alt=\"\" width=\"300\" height=\"224\" srcset=\"https:\/\/contraluzcucuta.co\/wp-content\/uploads\/2021\/06\/ARTENOR-2-300x224.jpg 300w, https:\/\/contraluzcucuta.co\/wp-content\/uploads\/2021\/06\/ARTENOR-2-600x447.jpg 600w, https:\/\/contraluzcucuta.co\/wp-content\/uploads\/2021\/06\/ARTENOR-2-768x573.jpg 768w, https:\/\/contraluzcucuta.co\/wp-content\/uploads\/2021\/06\/ARTENOR-2.jpg 881w\" sizes=\"auto, (max-width: 300px) 100vw, 300px\" \/><\/a><\/p>\n<p>El repertorio musical escogido para las presentaciones se compone de obras de autores colombianos y extranjeros que van desde lo m\u00e1s tradicional hasta la m\u00fasica cl\u00e1sica.<\/p>\n<p>La programaci\u00f3n de las muestras musicales comenzar\u00e1 en la biblioteca p\u00fablica Jos\u00e9 Ignacio Rangel, el Teatro El Cuj\u00ed, el Centro de Expresi\u00f3n Cultural y el colegio Comfanorte.<\/p>\n<p>Moreno Morera asegur\u00f3 que los procesos de formaci\u00f3n musical son importantes para la juventud, porque:<\/p>\n<p>1.- Cultivan futuros talentos<\/p>\n<p>2.- Ayudan a la sociabilizaci\u00f3n por las artes<\/p>\n<p>3.- Fomentan la colaboraci\u00f3n, el esp\u00edritu cr\u00edtico y el respeto colectivo.<\/p>\n<p><a href=\"https:\/\/contraluzcucuta.co\/wp-content\/uploads\/2021\/06\/ARTENOR-3.jpg\"><img loading=\"lazy\" decoding=\"async\" class=\"alignnone size-medium wp-image-36965\" src=\"https:\/\/contraluzcucuta.co\/wp-content\/uploads\/2021\/06\/ARTENOR-3-300x265.jpg\" alt=\"\" width=\"300\" height=\"265\" srcset=\"https:\/\/contraluzcucuta.co\/wp-content\/uploads\/2021\/06\/ARTENOR-3-300x265.jpg 300w, https:\/\/contraluzcucuta.co\/wp-content\/uploads\/2021\/06\/ARTENOR-3-600x530.jpg 600w, https:\/\/contraluzcucuta.co\/wp-content\/uploads\/2021\/06\/ARTENOR-3.jpg 761w\" sizes=\"auto, (max-width: 300px) 100vw, 300px\" \/><\/a><\/p>\n<p>El proyecto es apoyado por el Ministerio de Cultura, por medio del programa nacional de Concertaci\u00f3n Cultural.<\/p>\n","protected":false},"excerpt":{"rendered":"<p>LOS PATIOS \u2013 Norte de Santander.- La Fundaci\u00f3n Art\u00edstica y Cultural de Norte de Santander (Artenor) lidera el proyecto \u2018Sonidos del Norte\u2019, compuesto por grupos de c\u00e1mara en vientos y cuerdas. El objetivo es fomentar, fortalecer y generar h\u00e1bitos, saberes y valores de la identidad musical y cultural de Los Patios. Los ensambles musicales los &hellip;<\/p>\n","protected":false},"author":1,"featured_media":36961,"comment_status":"open","ping_status":"open","sticky":false,"template":"","format":"standard","meta":{"footnotes":""},"categories":[4,37],"tags":[5197,1082],"class_list":["post-36960","post","type-post","status-publish","format-standard","has-post-thumbnail","hentry","category-barra","category-paseo-cultural","tag-artenor","tag-los-patios"],"_links":{"self":[{"href":"https:\/\/contraluzcucuta.co\/index.php?rest_route=\/wp\/v2\/posts\/36960","targetHints":{"allow":["GET"]}}],"collection":[{"href":"https:\/\/contraluzcucuta.co\/index.php?rest_route=\/wp\/v2\/posts"}],"about":[{"href":"https:\/\/contraluzcucuta.co\/index.php?rest_route=\/wp\/v2\/types\/post"}],"author":[{"embeddable":true,"href":"https:\/\/contraluzcucuta.co\/index.php?rest_route=\/wp\/v2\/users\/1"}],"replies":[{"embeddable":true,"href":"https:\/\/contraluzcucuta.co\/index.php?rest_route=%2Fwp%2Fv2%2Fcomments&post=36960"}],"version-history":[{"count":3,"href":"https:\/\/contraluzcucuta.co\/index.php?rest_route=\/wp\/v2\/posts\/36960\/revisions"}],"predecessor-version":[{"id":36966,"href":"https:\/\/contraluzcucuta.co\/index.php?rest_route=\/wp\/v2\/posts\/36960\/revisions\/36966"}],"wp:featuredmedia":[{"embeddable":true,"href":"https:\/\/contraluzcucuta.co\/index.php?rest_route=\/wp\/v2\/media\/36961"}],"wp:attachment":[{"href":"https:\/\/contraluzcucuta.co\/index.php?rest_route=%2Fwp%2Fv2%2Fmedia&parent=36960"}],"wp:term":[{"taxonomy":"category","embeddable":true,"href":"https:\/\/contraluzcucuta.co\/index.php?rest_route=%2Fwp%2Fv2%2Fcategories&post=36960"},{"taxonomy":"post_tag","embeddable":true,"href":"https:\/\/contraluzcucuta.co\/index.php?rest_route=%2Fwp%2Fv2%2Ftags&post=36960"}],"curies":[{"name":"wp","href":"https:\/\/api.w.org\/{rel}","templated":true}]}}