{"id":36920,"date":"2021-06-01T19:37:00","date_gmt":"2021-06-02T00:37:00","guid":{"rendered":"http:\/\/contraluzcucuta.co\/?p=36920"},"modified":"2021-06-01T19:37:00","modified_gmt":"2021-06-02T00:37:00","slug":"pregunta-capciosa-despues-del-giro-egan-debe-correr-en-francia-o-en-espana","status":"publish","type":"post","link":"https:\/\/contraluzcucuta.co\/?p=36920","title":{"rendered":"PREGUNTA CAPCIOSA. \u00bfDespu\u00e9s del Giro, Egan debe correr en Francia o en Espa\u00f1a?"},"content":{"rendered":"<p style=\"padding-left: 40px; text-align: right;\"><strong><span style=\"color: #ff9900;\">C\u00daCUTA.- Luego del triunfo de Egan Bernal en el Giro de Italia surgen las expectativas por verlo correr de nuevo en otra de las tres grandes competencias del calendario cicl\u00edstico internacional.<\/span><\/strong><\/p>\n<p>Quedan por disputarse el Tour de Francia y la Vuelta a Espa\u00f1a. Carreras en las que los corredores colombianos son animadores de primer orden. La historia guarda las gestas de Lucho Herrera y Nairo Quintana. Estar en lo m\u00e1s alto del podio para los nacionales se ha hecho costumbre y los aficionados quieren ver al zipaquire\u00f1o de nuevo subido en la c\u00faspide.<\/p>\n<p>Los lectores de la revista <a href=\"http:\/\/www.contraluzcucuta.co\">www.contraluzcucuta.co<\/a> opinaron acerca de cu\u00e1l de estas competencias prefieren que la corra Egan. Estas son algunas de las respuestas:<\/p>\n<p>1.- Luis Arturo Melo<\/p>\n<p>Lo que diga \u201c Rueda&#8221;<\/p>\n<p>2.- Bertha Montes Contreras<\/p>\n<p>Espa\u00f1a<\/p>\n<p>3.- Reyes Heliz\u00e1nder Fl\u00f3rez Vera<\/p>\n<p>Francia<\/p>\n<p>4.- Jes\u00fas Eduardo Molinares Paramo<\/p>\n<p>Espa\u00f1a.<\/p>\n<p>5.- Ingeniero Segundo Antonio Gonz\u00e1lez<\/p>\n<p>Debe ganarse la otra gran carrera: Espa\u00f1a. Es un corredor muy joven, hecho para grandes triunfos y mucho tiempo por recorrer.<\/p>\n<p>6.- Luis Alberto Torres<\/p>\n<p>Francia NO, va para Espa\u00f1a SI<\/p>\n","protected":false},"excerpt":{"rendered":"<p>C\u00daCUTA.- Luego del triunfo de Egan Bernal en el Giro de Italia surgen las expectativas por verlo correr de nuevo en otra de las tres grandes competencias del calendario cicl\u00edstico internacional. Quedan por disputarse el Tour de Francia y la Vuelta a Espa\u00f1a. Carreras en las que los corredores colombianos son animadores de primer orden. &hellip;<\/p>\n","protected":false},"author":1,"featured_media":36921,"comment_status":"open","ping_status":"open","sticky":false,"template":"","format":"standard","meta":{"footnotes":""},"categories":[4,28],"tags":[3021,4622,5183,5184,3020,3208],"class_list":["post-36920","post","type-post","status-publish","format-standard","has-post-thumbnail","hentry","category-barra","category-vistazo-deportivo","tag-ciclismo-colombiano","tag-egan-bernal","tag-giro-de-italia","tag-pregunta-capciosa","tag-tour-de-francia","tag-vuelta-a-espana"],"_links":{"self":[{"href":"https:\/\/contraluzcucuta.co\/index.php?rest_route=\/wp\/v2\/posts\/36920","targetHints":{"allow":["GET"]}}],"collection":[{"href":"https:\/\/contraluzcucuta.co\/index.php?rest_route=\/wp\/v2\/posts"}],"about":[{"href":"https:\/\/contraluzcucuta.co\/index.php?rest_route=\/wp\/v2\/types\/post"}],"author":[{"embeddable":true,"href":"https:\/\/contraluzcucuta.co\/index.php?rest_route=\/wp\/v2\/users\/1"}],"replies":[{"embeddable":true,"href":"https:\/\/contraluzcucuta.co\/index.php?rest_route=%2Fwp%2Fv2%2Fcomments&post=36920"}],"version-history":[{"count":1,"href":"https:\/\/contraluzcucuta.co\/index.php?rest_route=\/wp\/v2\/posts\/36920\/revisions"}],"predecessor-version":[{"id":36922,"href":"https:\/\/contraluzcucuta.co\/index.php?rest_route=\/wp\/v2\/posts\/36920\/revisions\/36922"}],"wp:featuredmedia":[{"embeddable":true,"href":"https:\/\/contraluzcucuta.co\/index.php?rest_route=\/wp\/v2\/media\/36921"}],"wp:attachment":[{"href":"https:\/\/contraluzcucuta.co\/index.php?rest_route=%2Fwp%2Fv2%2Fmedia&parent=36920"}],"wp:term":[{"taxonomy":"category","embeddable":true,"href":"https:\/\/contraluzcucuta.co\/index.php?rest_route=%2Fwp%2Fv2%2Fcategories&post=36920"},{"taxonomy":"post_tag","embeddable":true,"href":"https:\/\/contraluzcucuta.co\/index.php?rest_route=%2Fwp%2Fv2%2Ftags&post=36920"}],"curies":[{"name":"wp","href":"https:\/\/api.w.org\/{rel}","templated":true}]}}