{"id":36914,"date":"2021-05-31T20:31:25","date_gmt":"2021-06-01T01:31:25","guid":{"rendered":"http:\/\/contraluzcucuta.co\/?p=36914"},"modified":"2021-05-31T20:31:25","modified_gmt":"2021-06-01T01:31:25","slug":"fenalco-los-bloqueos-van-en-contra-de-los-derechos-fundamentales","status":"publish","type":"post","link":"https:\/\/contraluzcucuta.co\/?p=36914","title":{"rendered":"FENALCO. Los bloqueos van en contra de los derechos fundamentales"},"content":{"rendered":"<p style=\"padding-left: 40px; text-align: right;\"><strong><span style=\"color: #ff9900;\">C\u00daCUTA.- \u201cLos bloqueos no son una forma de manifestaci\u00f3n pac\u00edfica, son actos criminales que van en contra de los derechos fundamentales a la salud, al trabajo, a la libre movilidad y a la vida\u201d. As\u00ed lo consider\u00f3 Fenalco en el mensaje de respaldo a la institucionalidad del departamento, tras un mes de paros y movilizaciones.<\/span><\/strong><\/p>\n<p>La Federaci\u00f3n Nacional de Comerciantes, seccional Norte de Santander, se\u00f1al\u00f3 que han trascurrido 30 d\u00edas de manifestaciones \u201dsin que haya un entendimiento en las mesas de di\u00e1logo\u201d.<\/p>\n<p>Respald\u00f3 el trabajo que se adelanta para garantizar la seguridad ciudadana en el departamento. Y acompa\u00f1a a la ciudadan\u00eda que se manifieste en contra de los bloqueos y los actos vand\u00e1licos.<\/p>\n<p>\u201cDesde el inicio de la pandemia hemos acatado e implementado todos los protocolos de bioseguridad y seguimos trabajando en la prevenci\u00f3n del Covid-19\u201d, se\u00f1al\u00f3 Fenalco en el comunicado divulgado en los \u00faltimos d\u00edas. \u201cLas actuales circunstancias nos obligan a manifestarnos de manera pac\u00edfica en contra de todo acto contrario que perturbe la Seguridad Ciudadana\u201d.<\/p>\n<p>Rechaz\u00f3, categ\u00f3ricamente, las noticias falsas que pretenden desinformar a la opini\u00f3n, dirigidas especialmente a generar caos y a desestabilizar el orden econ\u00f3mico y social del departamento.<\/p>\n<p>Solicit\u00f3 que no siga obstaculiz\u00e1ndose el normal desarrollo de las actividades econ\u00f3micas, porque son la \u00fanica v\u00eda que \u201cnos lleva a superar la desigualdad social y la falta de oportunidad de empleo para los nortesantandereanos\u201d.<\/p>\n","protected":false},"excerpt":{"rendered":"<p>C\u00daCUTA.- \u201cLos bloqueos no son una forma de manifestaci\u00f3n pac\u00edfica, son actos criminales que van en contra de los derechos fundamentales a la salud, al trabajo, a la libre movilidad y a la vida\u201d. As\u00ed lo consider\u00f3 Fenalco en el mensaje de respaldo a la institucionalidad del departamento, tras un mes de paros y movilizaciones. &hellip;<\/p>\n","protected":false},"author":1,"featured_media":36915,"comment_status":"open","ping_status":"open","sticky":false,"template":"","format":"standard","meta":{"footnotes":""},"categories":[4,36],"tags":[3842,1393],"class_list":["post-36914","post","type-post","status-publish","format-standard","has-post-thumbnail","hentry","category-barra","category-la-voz-del-pueblo","tag-bloqueo-de-carreteras","tag-motilones"],"_links":{"self":[{"href":"https:\/\/contraluzcucuta.co\/index.php?rest_route=\/wp\/v2\/posts\/36914","targetHints":{"allow":["GET"]}}],"collection":[{"href":"https:\/\/contraluzcucuta.co\/index.php?rest_route=\/wp\/v2\/posts"}],"about":[{"href":"https:\/\/contraluzcucuta.co\/index.php?rest_route=\/wp\/v2\/types\/post"}],"author":[{"embeddable":true,"href":"https:\/\/contraluzcucuta.co\/index.php?rest_route=\/wp\/v2\/users\/1"}],"replies":[{"embeddable":true,"href":"https:\/\/contraluzcucuta.co\/index.php?rest_route=%2Fwp%2Fv2%2Fcomments&post=36914"}],"version-history":[{"count":1,"href":"https:\/\/contraluzcucuta.co\/index.php?rest_route=\/wp\/v2\/posts\/36914\/revisions"}],"predecessor-version":[{"id":36916,"href":"https:\/\/contraluzcucuta.co\/index.php?rest_route=\/wp\/v2\/posts\/36914\/revisions\/36916"}],"wp:featuredmedia":[{"embeddable":true,"href":"https:\/\/contraluzcucuta.co\/index.php?rest_route=\/wp\/v2\/media\/36915"}],"wp:attachment":[{"href":"https:\/\/contraluzcucuta.co\/index.php?rest_route=%2Fwp%2Fv2%2Fmedia&parent=36914"}],"wp:term":[{"taxonomy":"category","embeddable":true,"href":"https:\/\/contraluzcucuta.co\/index.php?rest_route=%2Fwp%2Fv2%2Fcategories&post=36914"},{"taxonomy":"post_tag","embeddable":true,"href":"https:\/\/contraluzcucuta.co\/index.php?rest_route=%2Fwp%2Fv2%2Ftags&post=36914"}],"curies":[{"name":"wp","href":"https:\/\/api.w.org\/{rel}","templated":true}]}}