{"id":36904,"date":"2021-05-31T18:19:50","date_gmt":"2021-05-31T23:19:50","guid":{"rendered":"http:\/\/contraluzcucuta.co\/?p=36904"},"modified":"2021-05-31T18:19:50","modified_gmt":"2021-05-31T23:19:50","slug":"easyfly-cucuta-y-cartagena-unidas-por-un-vuelo-directo","status":"publish","type":"post","link":"https:\/\/contraluzcucuta.co\/?p=36904","title":{"rendered":"EASYFLY. C\u00facuta y Cartagena unidas por un vuelo directo"},"content":{"rendered":"<p style=\"padding-left: 40px; text-align: right;\"><strong><span style=\"color: #ff9900;\">BOGOT\u00c1.- C\u00facuta y Cartagena estar\u00e1n unidas ahora con la ruta que les permitir\u00e1 a los viajeros ahorrar tiempo y dinero. El vuelo tendr\u00e1 duraci\u00f3n de una hora y 30 minutos, a partir del 1\u00b0 de junio, seg\u00fan el anuncio de la aerol\u00ednea Easyfly.<\/span><\/strong><\/p>\n<p>Desde el inicio de operaciones la empresa ha impulsado la conectividad de las regiones en especial la de Norte de Santander y Santander. La primera ruta de la reactivaci\u00f3n del mercado despu\u00e9s de la pandemia fue Bucaramanga \u2013 C\u00facuta.<\/p>\n<p>La ruta Cartagena \u2013 C\u00facuta \u2013 Cartagena ser\u00e1 operada con tres vuelos semanales los d\u00edas, martes, jueves y s\u00e1bado, por aviones ATR42 con capacidad para 46 pasajeros a partir del 1 de junio.<\/p>\n<p>Easyfly tiene disponibles los tiquetes en los canales de venta, lo que permitir\u00e1 a los viajeros aprovechar el tiempo y ahorrar entre 3 y 10 horas de viaje, frente a otras opciones de viaje. Los viajeros podr\u00e1n apreciar la biodiversidad del pa\u00eds al conectar las regiones andina y caribe.<\/p>\n<p>La nueva ruta contribuye a la reactivaci\u00f3n de la econom\u00eda de las dos ciudades como destinos de negocios y turismo. C\u00facuta es llamado el puerto seco del pa\u00eds por lo din\u00e1mico de la econom\u00eda en la frontera. Es ciudad donde finaliza la zona monta\u00f1osa y empieza el valle del rio Zulia.<\/p>\n<p>Cartagena, la ciudad amurallada, es patrimonio de la humanidad y destino que destaca por la hermosa arquitectura e importantes atractivos tur\u00edsticos que pueden disfrutarse en el centro hist\u00f3rico y sus alrededores.<\/p>\n<p>La aerol\u00ednea se consolida como el operador a\u00e9reo que ofrece mayor conectividad a C\u00facuta, con las rutas Bucaramanga &#8211; C\u00facuta \u2013Bucaramanga; C\u00facuta &#8211; Arauca \u2013 C\u00facuta; C\u00facuta &#8211; Medell\u00edn &#8211; C\u00facuta y ahora C\u00facuta Cartagena C\u00facuta desde la reactivaci\u00f3n Easyfly desde el aeropuerto Camilo Daza ha transportado a cerca de 33.000 pasajeros. De igual manera, desde el aeropuerto Rafael N\u00fa\u00f1ez de la ciudad de Cartagena la aerol\u00ednea ha movilizado a m\u00e1s de 20.000 pasajeros.<\/p>\n<p>Desde la reactivaci\u00f3n a\u00e9rea, Easyfly ha transportado m\u00e1s de 590.000 pasajeros, ofrece 40 rutas directas y tiene presencia en 30 ciudades. La flota est\u00e1 compuesta por 16 aviones ATR 42 y 72 para 48 y 70 pasajeros.<\/p>\n","protected":false},"excerpt":{"rendered":"<p>BOGOT\u00c1.- C\u00facuta y Cartagena estar\u00e1n unidas ahora con la ruta que les permitir\u00e1 a los viajeros ahorrar tiempo y dinero. El vuelo tendr\u00e1 duraci\u00f3n de una hora y 30 minutos, a partir del 1\u00b0 de junio, seg\u00fan el anuncio de la aerol\u00ednea Easyfly. Desde el inicio de operaciones la empresa ha impulsado la conectividad de &hellip;<\/p>\n","protected":false},"author":1,"featured_media":36905,"comment_status":"open","ping_status":"open","sticky":false,"template":"","format":"standard","meta":{"footnotes":""},"categories":[45,4],"tags":[189,5009],"class_list":["post-36904","post","type-post","status-publish","format-standard","has-post-thumbnail","hentry","category-destacado","category-barra","tag-aeropuerto-camilo-daza","tag-easyfly"],"_links":{"self":[{"href":"https:\/\/contraluzcucuta.co\/index.php?rest_route=\/wp\/v2\/posts\/36904","targetHints":{"allow":["GET"]}}],"collection":[{"href":"https:\/\/contraluzcucuta.co\/index.php?rest_route=\/wp\/v2\/posts"}],"about":[{"href":"https:\/\/contraluzcucuta.co\/index.php?rest_route=\/wp\/v2\/types\/post"}],"author":[{"embeddable":true,"href":"https:\/\/contraluzcucuta.co\/index.php?rest_route=\/wp\/v2\/users\/1"}],"replies":[{"embeddable":true,"href":"https:\/\/contraluzcucuta.co\/index.php?rest_route=%2Fwp%2Fv2%2Fcomments&post=36904"}],"version-history":[{"count":1,"href":"https:\/\/contraluzcucuta.co\/index.php?rest_route=\/wp\/v2\/posts\/36904\/revisions"}],"predecessor-version":[{"id":36906,"href":"https:\/\/contraluzcucuta.co\/index.php?rest_route=\/wp\/v2\/posts\/36904\/revisions\/36906"}],"wp:featuredmedia":[{"embeddable":true,"href":"https:\/\/contraluzcucuta.co\/index.php?rest_route=\/wp\/v2\/media\/36905"}],"wp:attachment":[{"href":"https:\/\/contraluzcucuta.co\/index.php?rest_route=%2Fwp%2Fv2%2Fmedia&parent=36904"}],"wp:term":[{"taxonomy":"category","embeddable":true,"href":"https:\/\/contraluzcucuta.co\/index.php?rest_route=%2Fwp%2Fv2%2Fcategories&post=36904"},{"taxonomy":"post_tag","embeddable":true,"href":"https:\/\/contraluzcucuta.co\/index.php?rest_route=%2Fwp%2Fv2%2Ftags&post=36904"}],"curies":[{"name":"wp","href":"https:\/\/api.w.org\/{rel}","templated":true}]}}