{"id":36870,"date":"2021-05-10T19:11:49","date_gmt":"2021-05-11T00:11:49","guid":{"rendered":"http:\/\/contraluzcucuta.co\/?p=36870"},"modified":"2021-05-10T19:11:49","modified_gmt":"2021-05-11T00:11:49","slug":"tunel-de-pamplona-la-puesta-en-operacion-beneficiara-a-900-000-nortesantandereanos","status":"publish","type":"post","link":"https:\/\/contraluzcucuta.co\/?p=36870","title":{"rendered":"T\u00daNEL DE PAMPLONA. La puesta en operaci\u00f3n beneficiar\u00e1 a 900.000 nortesantandereanos"},"content":{"rendered":"<p style=\"padding-left: 40px; text-align: right;\"><strong><span style=\"color: #ff9900;\">PAMPLONA &#8211; Norte de Santander.- \u00a0El proyecto Pamplona-C\u00facuta, a cargo de la Agencia Nacional de Infraestructura, logr\u00f3 un hito en materia de infraestructura de transporte concesionado para Norte de Santander. La obra logr\u00f3 la uni\u00f3n de dos frentes del t\u00fanel, moderna estructura de 1,4 kil\u00f3metros de extensi\u00f3n. Ahora, se agilizar\u00e1 la movilidad para beneficiar a 946.886 habitantes de C\u00facuta y de cinco municipios del departamento.<\/span><\/strong><\/p>\n<p>\u201cTrabajamos sin parar por dejar una infraestructura vial moderna en Norte de Santander. Adem\u00e1s, para cumplirles a los ciudadanos que llevaban m\u00e1s de 20 a\u00f1os pidiendo esta obra en Pamplona\u201d, indic\u00f3 \u00c1ngela Mar\u00eda Orozco, ministra de Transporte.<\/p>\n<p>El t\u00fanel permitir\u00e1 que los veh\u00edculos de carga de pesada no ingresen al casco urbano, para tranquilidad de los habitantes y mejor movilidad de los transportadores.<\/p>\n<p>La estructura, construida en el tramo uno del proyecto Pamplona-C\u00facuta, cuenta con:<\/p>\n<p>1.- Sentido de circulaci\u00f3n bidireccional<\/p>\n<p>2.- Galer\u00eda de emergencia de 916 metros con tres puntos de acceso<\/p>\n<p>3.- Sistema de ventilaci\u00f3n longitudinal de detecci\u00f3n y extinci\u00f3n de incendios<\/p>\n<p>4.- Iluminaci\u00f3n<\/p>\n<p>5.- Monitoreo de velocidad<\/p>\n<p>6.- Paneles de mensajer\u00eda<\/p>\n<p>7.- Megafon\u00eda y c\u00e1maras de vigilancia.<\/p>\n<p>La obra hace parte de la variante de cuatro kil\u00f3metros y permitir\u00e1 que entre Pamplona y C\u00facuta se reduzcan los tiempos de desplazamiento en 35 minutos para veh\u00edculos livianos y en 20 para los de carga.<\/p>\n<p>El t\u00fanel est\u00e1 dise\u00f1ado con especificaciones modernas. Tiene un ancho de calzada de 8,3 metros, cada carril es de 3,65 metros de ancho, las bermas son de 50 cent\u00edmetros y posee recubrimiento en concreto r\u00edgido de 30 cent\u00edmetros, lo que mejorar\u00e1 la seguridad vial de los usuarios y los habitantes de Pamplona.<\/p>\n<p>La obra beneficiar\u00e1, adicionalmente, a los habitantes de Pamplonita, Bochalema, Chin\u00e1cota, Los Patios y C\u00facuta.<\/p>\n<p>El corredor vial Pamplona-C\u00facuta, concesionado por la Agencia Nacional de Infraestructura (ANI), est\u00e1 considerado como el proyecto vial m\u00e1s importante de Norte de Santander. Modernizar\u00e1 las v\u00edas en esta parte del departamento y ofrecer\u00e1 oportunidades de crecimiento y desarrollo econ\u00f3mico para la regi\u00f3n.<\/p>\n<p>En el pico m\u00e1s alto, el proyecto ha generado 3000 empleos en la zona de influencia. En el proyecto se construir\u00e1n 50,2 kil\u00f3metros de v\u00eda nueva (entre doble calzada y calzada sencilla) y se har\u00e1 la rehabilitaci\u00f3n de 72,2 kil\u00f3metros de v\u00eda existente entre Pamplona y Betania (Los Patios).<\/p>\n<p>Est\u00e1 compuesto por seis Unidades Funcionales: cinco se encuentran en ejecuci\u00f3n y una, la 6, fue entregada en operaci\u00f3n en diciembre.<\/p>\n<p>Pamplona-C\u00facuta cuenta la inversi\u00f3n de $ 1,85 billones (Capex a diciembre de 2019) y al finalizar la fase de construcci\u00f3n, Norte de Santander contar\u00e1 con la segunda calzada y la v\u00eda rehabilitada que no solo mejorar\u00e1 la movilidad, sino que reducir\u00e1 los costos de operaci\u00f3n de los usuarios, garantizando un corredor vial m\u00e1s \u00e1gil, seguro y confortable.<\/p>\n<p>Este corredor vial ser\u00e1 tambi\u00e9n una soluci\u00f3n a la movilidad en la frontera entre Colombia y Venezuela.<\/p>\n","protected":false},"excerpt":{"rendered":"<p>PAMPLONA &#8211; Norte de Santander.- \u00a0El proyecto Pamplona-C\u00facuta, a cargo de la Agencia Nacional de Infraestructura, logr\u00f3 un hito en materia de infraestructura de transporte concesionado para Norte de Santander. La obra logr\u00f3 la uni\u00f3n de dos frentes del t\u00fanel, moderna estructura de 1,4 kil\u00f3metros de extensi\u00f3n. Ahora, se agilizar\u00e1 la movilidad para beneficiar a &hellip;<\/p>\n","protected":false},"author":1,"featured_media":36871,"comment_status":"open","ping_status":"open","sticky":false,"template":"","format":"standard","meta":{"footnotes":""},"categories":[4,6],"tags":[487,5176],"class_list":["post-36870","post","type-post","status-publish","format-standard","has-post-thumbnail","hentry","category-barra","category-ojo-avizor","tag-ani","tag-tunel-de-pamplona"],"_links":{"self":[{"href":"https:\/\/contraluzcucuta.co\/index.php?rest_route=\/wp\/v2\/posts\/36870","targetHints":{"allow":["GET"]}}],"collection":[{"href":"https:\/\/contraluzcucuta.co\/index.php?rest_route=\/wp\/v2\/posts"}],"about":[{"href":"https:\/\/contraluzcucuta.co\/index.php?rest_route=\/wp\/v2\/types\/post"}],"author":[{"embeddable":true,"href":"https:\/\/contraluzcucuta.co\/index.php?rest_route=\/wp\/v2\/users\/1"}],"replies":[{"embeddable":true,"href":"https:\/\/contraluzcucuta.co\/index.php?rest_route=%2Fwp%2Fv2%2Fcomments&post=36870"}],"version-history":[{"count":1,"href":"https:\/\/contraluzcucuta.co\/index.php?rest_route=\/wp\/v2\/posts\/36870\/revisions"}],"predecessor-version":[{"id":36872,"href":"https:\/\/contraluzcucuta.co\/index.php?rest_route=\/wp\/v2\/posts\/36870\/revisions\/36872"}],"wp:featuredmedia":[{"embeddable":true,"href":"https:\/\/contraluzcucuta.co\/index.php?rest_route=\/wp\/v2\/media\/36871"}],"wp:attachment":[{"href":"https:\/\/contraluzcucuta.co\/index.php?rest_route=%2Fwp%2Fv2%2Fmedia&parent=36870"}],"wp:term":[{"taxonomy":"category","embeddable":true,"href":"https:\/\/contraluzcucuta.co\/index.php?rest_route=%2Fwp%2Fv2%2Fcategories&post=36870"},{"taxonomy":"post_tag","embeddable":true,"href":"https:\/\/contraluzcucuta.co\/index.php?rest_route=%2Fwp%2Fv2%2Ftags&post=36870"}],"curies":[{"name":"wp","href":"https:\/\/api.w.org\/{rel}","templated":true}]}}