{"id":36863,"date":"2021-05-07T16:14:07","date_gmt":"2021-05-07T21:14:07","guid":{"rendered":"http:\/\/contraluzcucuta.co\/?p=36863"},"modified":"2021-05-07T18:53:38","modified_gmt":"2021-05-07T23:53:38","slug":"paro-nacional-necesitamos-algo-mas-que-argumentos-fenalco","status":"publish","type":"post","link":"https:\/\/contraluzcucuta.co\/?p=36863","title":{"rendered":"PARO NACIONAL. \u201cNecesitamos algo m\u00e1s que argumentos\u201d: Fenalco"},"content":{"rendered":"<p style=\"padding-left: 40px; text-align: right;\"><strong><span style=\"color: #ff9900;\">C\u00daCUTA.- La Federaci\u00f3n Nacional de Comerciantes Empresarios hizo un llamado a la comunidad y a los estamentos de la sociedad nortesantandereana para que en un acto de grandeza por el pa\u00eds y la regi\u00f3n \u201cusemos el derecho a la libre expresi\u00f3n de las ideas y la movilizaci\u00f3n\u201d. La declaraci\u00f3n est\u00e1 contenida en el comunicado conocido este fin de semana.<\/span><\/strong><\/p>\n<p>Pidi\u00f3 buscar consensos y eliminar todo acto de fuerza que \u201cnos hagan ver como una sociedad que se imposibilita para expresar sus diferencias por v\u00edas que no sean las de hecho\u201d.<\/p>\n<p>Fenalco ve con preocupaci\u00f3n que la polarizaci\u00f3n pone en peligro a las instituciones democr\u00e1ticas y la supervivencia econ\u00f3mica y social, \u201cfactor fundamental para el equilibrio y el bienestar de todos\u201d.<\/p>\n<p>Reconoce que en medio de la desesperanza la regi\u00f3n da muestras de respeto por el orden y la institucionalidad. Sin embargo, agreg\u00f3, es preciso que en estos momentos dif\u00edciles y oscuros para la patria debe buscarse \u201cla luz que permita disminuir las brechas sociales por el \u00fanico medio que conocemos y es la del trabajo digno para todos\u201d.<\/p>\n<p>El gremio representa la fuerza econ\u00f3mica m\u00e1s grande de la regi\u00f3n y le compete llamar la atenci\u00f3n de la grave afectaci\u00f3n que se vive en estos momentos, y que no solo pone en riesgo la seguridad alimenticia, sino la salud de la poblaci\u00f3n \u201csi se insiste en obstaculizar la llegada de alimentos, medicina, insumos agropecuarios y ox\u00edgeno para las UCI de los hospitales\u201d.<\/p>\n<p>Los inventarios en algunos de estas actividades escasean. Empresarios han manifestado que tienen provisi\u00f3n para una semana y otros, como la construcci\u00f3n, que ha sido factor fundamental en la recuperaci\u00f3n del empleo durante la pandemia, se sienten amenazados y ven comprometida la mano de obra calificada y no calificada.<\/p>\n<p>\u201cEn otras palabras, por hacer valer nuestras ideas, nos estamos haciendo da\u00f1o como sociedad, cuando lo \u00fanico que pretendemos como fuerza empresarial es seguir construyendo pa\u00eds buscando siempre hacernos o\u00edr por las \u00fanicas v\u00edas que nos llevan a la reconciliaci\u00f3n como es el di\u00e1logo\u201d, concluy\u00f3 el mensaje de Fenalco.<\/p>\n","protected":false},"excerpt":{"rendered":"<p>C\u00daCUTA.- La Federaci\u00f3n Nacional de Comerciantes Empresarios hizo un llamado a la comunidad y a los estamentos de la sociedad nortesantandereana para que en un acto de grandeza por el pa\u00eds y la regi\u00f3n \u201cusemos el derecho a la libre expresi\u00f3n de las ideas y la movilizaci\u00f3n\u201d. La declaraci\u00f3n est\u00e1 contenida en el comunicado conocido &hellip;<\/p>\n","protected":false},"author":1,"featured_media":36864,"comment_status":"open","ping_status":"open","sticky":false,"template":"","format":"standard","meta":{"footnotes":""},"categories":[4,36],"tags":[378,4709],"class_list":["post-36863","post","type-post","status-publish","format-standard","has-post-thumbnail","hentry","category-barra","category-la-voz-del-pueblo","tag-fenalco","tag-paro-nacional"],"_links":{"self":[{"href":"https:\/\/contraluzcucuta.co\/index.php?rest_route=\/wp\/v2\/posts\/36863","targetHints":{"allow":["GET"]}}],"collection":[{"href":"https:\/\/contraluzcucuta.co\/index.php?rest_route=\/wp\/v2\/posts"}],"about":[{"href":"https:\/\/contraluzcucuta.co\/index.php?rest_route=\/wp\/v2\/types\/post"}],"author":[{"embeddable":true,"href":"https:\/\/contraluzcucuta.co\/index.php?rest_route=\/wp\/v2\/users\/1"}],"replies":[{"embeddable":true,"href":"https:\/\/contraluzcucuta.co\/index.php?rest_route=%2Fwp%2Fv2%2Fcomments&post=36863"}],"version-history":[{"count":2,"href":"https:\/\/contraluzcucuta.co\/index.php?rest_route=\/wp\/v2\/posts\/36863\/revisions"}],"predecessor-version":[{"id":36869,"href":"https:\/\/contraluzcucuta.co\/index.php?rest_route=\/wp\/v2\/posts\/36863\/revisions\/36869"}],"wp:featuredmedia":[{"embeddable":true,"href":"https:\/\/contraluzcucuta.co\/index.php?rest_route=\/wp\/v2\/media\/36864"}],"wp:attachment":[{"href":"https:\/\/contraluzcucuta.co\/index.php?rest_route=%2Fwp%2Fv2%2Fmedia&parent=36863"}],"wp:term":[{"taxonomy":"category","embeddable":true,"href":"https:\/\/contraluzcucuta.co\/index.php?rest_route=%2Fwp%2Fv2%2Fcategories&post=36863"},{"taxonomy":"post_tag","embeddable":true,"href":"https:\/\/contraluzcucuta.co\/index.php?rest_route=%2Fwp%2Fv2%2Ftags&post=36863"}],"curies":[{"name":"wp","href":"https:\/\/api.w.org\/{rel}","templated":true}]}}