{"id":36854,"date":"2021-04-27T11:17:44","date_gmt":"2021-04-27T16:17:44","guid":{"rendered":"http:\/\/contraluzcucuta.co\/?p=36854"},"modified":"2021-04-27T13:06:29","modified_gmt":"2021-04-27T18:06:29","slug":"gestion-del-riesgo-atencion-a-emergencias-causadas-por-las-fuertes-lluvias","status":"publish","type":"post","link":"https:\/\/contraluzcucuta.co\/?p=36854","title":{"rendered":"GESTI\u00d3N DEL RIESGO. Atenci\u00f3n a emergencias causadas por las fuertes lluvias"},"content":{"rendered":"<p style=\"padding-left: 40px; text-align: right;\"><strong><span style=\"color: #ff9900;\">C\u00daCUTA.- Las lluvias ca\u00eddas en el municipio desde la madrugada han causado emergencias en diversos varios. Funcionarios de la Secretar\u00eda para la Gesti\u00f3n del Riesgo de Desastres eval\u00faan los da\u00f1os y las afectaciones provocadas por inundaciones, desbordamiento de canales de lluvias y fuentes h\u00eddricas, ca\u00eddas de rocas y de \u00e1rboles, y riesgo de fen\u00f3menos de remoci\u00f3n en masa.<\/span><\/strong><\/p>\n<p>\u201cLos reportes de inundaciones que hemos tenido han sido constantes. Grupos del Sistema Municipal de Gesti\u00f3n del Riesgo verificaron en las comunas 9, 8, 7 y 3\u201d, dijo Huber Plaza, secretario de Gesti\u00f3n del Riesgo. En el barrio La Esmeralda colapsaron las v\u00edas por el rebosamiento del canal.<\/p>\n<p>El Ideam prev\u00e9 que, durante los \u00faltimos d\u00edas de abril, en Norte de Santander se advierten cielos entre parcial y mayormente nublados, con predominio de tiempo seco en las ma\u00f1anas y posibilidad de lluvias durante algunas horas de la tarde y la noche. No descarta tormentas el\u00e9ctricas.<\/p>\n<p>El primer reporte de la secretar\u00eda de Gesti\u00f3n del Riesgo es el siguiente:<\/p>\n<p>&#8211; Comuna 1: Afectaciones en el barrio El P\u00e1ramo por colapso estructural.<\/p>\n<p>&#8211; Comuna 2: Afectaci\u00f3n en la v\u00eda, en el puente de Guadua.<\/p>\n<p>&#8211; Comuna 3: Afectaciones en los barrios La Esmeralda, Conjunto Cerrado Portofino, San Mateo y Conjunto Carolina Campestre.<\/p>\n<p>&#8211; Comuna 4: Afectaci\u00f3n en la v\u00eda, en el puente Jorge Gait\u00e1n Dur\u00e1n.<\/p>\n<p>Comuna 5: Desbordamiento del Canal Bogot\u00e1, y afectaciones en el barrio Lleras Restrepo.<\/p>\n<p>&#8211; Comuna 8: Afectaciones en los barrios Palmera (parte alta), asentamiento humano Valles de Gir\u00f3n, La Isla y Belisario.<\/p>\n<p>&#8211; Comuna 9: Afectaciones en los barrios Mar\u00eda Gracia, asentamiento humano Manuela Beltr\u00e1n y Barrio Nuevo.<\/p>\n<p>&#8211; Comuna 10: Afectaciones en los barrios San Rafael, Alfonso L\u00f3pez y Cuberos Ni\u00f1o.<\/p>\n<p>En la zona rural se presentan afectaciones en San Faustino y Ricaurte.<\/p>\n<p>El despacho record\u00f3 a la comunidad estar alerta y seguir las recomendaciones de las autoridades, dado que la primera de temporada de lluvias continuar\u00e1 en el municipio. La Sala de Crisis se mantendr\u00e1 activa 24\/7 para atender cualquier emergencia provocada por las lluvias.<\/p>\n","protected":false},"excerpt":{"rendered":"<p>C\u00daCUTA.- Las lluvias ca\u00eddas en el municipio desde la madrugada han causado emergencias en diversos varios. Funcionarios de la Secretar\u00eda para la Gesti\u00f3n del Riesgo de Desastres eval\u00faan los da\u00f1os y las afectaciones provocadas por inundaciones, desbordamiento de canales de lluvias y fuentes h\u00eddricas, ca\u00eddas de rocas y de \u00e1rboles, y riesgo de fen\u00f3menos de &hellip;<\/p>\n","protected":false},"author":1,"featured_media":36855,"comment_status":"open","ping_status":"open","sticky":false,"template":"","format":"standard","meta":{"footnotes":""},"categories":[2625,4],"tags":[3172,5173,4347],"class_list":["post-36854","post","type-post","status-publish","format-standard","has-post-thumbnail","hentry","category-alcaldia-de-cucuta","category-barra","tag-gestion-del-riesgo","tag-huber-plaza","tag-lluvias-en-cucuta"],"_links":{"self":[{"href":"https:\/\/contraluzcucuta.co\/index.php?rest_route=\/wp\/v2\/posts\/36854","targetHints":{"allow":["GET"]}}],"collection":[{"href":"https:\/\/contraluzcucuta.co\/index.php?rest_route=\/wp\/v2\/posts"}],"about":[{"href":"https:\/\/contraluzcucuta.co\/index.php?rest_route=\/wp\/v2\/types\/post"}],"author":[{"embeddable":true,"href":"https:\/\/contraluzcucuta.co\/index.php?rest_route=\/wp\/v2\/users\/1"}],"replies":[{"embeddable":true,"href":"https:\/\/contraluzcucuta.co\/index.php?rest_route=%2Fwp%2Fv2%2Fcomments&post=36854"}],"version-history":[{"count":1,"href":"https:\/\/contraluzcucuta.co\/index.php?rest_route=\/wp\/v2\/posts\/36854\/revisions"}],"predecessor-version":[{"id":36856,"href":"https:\/\/contraluzcucuta.co\/index.php?rest_route=\/wp\/v2\/posts\/36854\/revisions\/36856"}],"wp:featuredmedia":[{"embeddable":true,"href":"https:\/\/contraluzcucuta.co\/index.php?rest_route=\/wp\/v2\/media\/36855"}],"wp:attachment":[{"href":"https:\/\/contraluzcucuta.co\/index.php?rest_route=%2Fwp%2Fv2%2Fmedia&parent=36854"}],"wp:term":[{"taxonomy":"category","embeddable":true,"href":"https:\/\/contraluzcucuta.co\/index.php?rest_route=%2Fwp%2Fv2%2Fcategories&post=36854"},{"taxonomy":"post_tag","embeddable":true,"href":"https:\/\/contraluzcucuta.co\/index.php?rest_route=%2Fwp%2Fv2%2Ftags&post=36854"}],"curies":[{"name":"wp","href":"https:\/\/api.w.org\/{rel}","templated":true}]}}