{"id":36850,"date":"2021-04-27T10:27:07","date_gmt":"2021-04-27T15:27:07","guid":{"rendered":"http:\/\/contraluzcucuta.co\/?p=36850"},"modified":"2021-04-27T10:27:07","modified_gmt":"2021-04-27T15:27:07","slug":"alianzas-para-la-reconciliacion-sembradas-200-semillas-ornamentales-medicinales-y-frutales","status":"publish","type":"post","link":"https:\/\/contraluzcucuta.co\/?p=36850","title":{"rendered":"ALIANZAS PARA LA RECONCILIACI\u00d3N. Sembradas 200 semillas ornamentales, medicinales y frutales"},"content":{"rendered":"<p style=\"padding-left: 40px; text-align: right;\"><strong><span style=\"color: #ff9900;\">C\u00daCUTA.- Doscientas semillas, sembr\u00f3 la comunidad de recicladores venezolanos, retornados o de acogida, en desarrollo del Programa de Alianzas para la Reconciliaci\u00f3n de Usaid y ACDI\/VOCA. La actividad se cumpli\u00f3 en la celebraci\u00f3n por el D\u00eda del \u00c1rbol y cont\u00f3 con la participaci\u00f3n de Victoria Correa, Embajadora de la Reconciliaci\u00f3n.<\/span><\/strong><\/p>\n<p>En la jornada se entregaron kits que constan de una planta germinada, un vaso, un kilo de abono, porci\u00f3n de retenedor de agua y un instructivo sobre c\u00f3mo cultivar y mantener la plantaci\u00f3n. El enfoque de perifoneo en la comunidad, se trabaj\u00f3 de la mano con la canci\u00f3n por el medio ambiente escrita y cantada por Melisa MC Oficial Embajadora de la Reconciliaci\u00f3n del Programa.<\/p>\n<p>Con la canci\u00f3n se atrajo a la poblaci\u00f3n para entregarle el kit para plantar en memoria de la llegada a Colombia de los venezolanos y para evocar aquello que cultivan en el pa\u00eds con aportes, compromiso social y con el medio ambiente.<\/p>\n<p>El D\u00eda del \u00c1rbol naci\u00f3 en 1941. Mediante decreto se determin\u00f3 que el objetivo ser\u00eda concientizar a la poblaci\u00f3n, sobre la importancia de proteger las superficies arboladas con jornadas dedicadas a plantar \u00e1rboles para frenar los efectos del cambio clim\u00e1tico y la tala indiscriminada.<\/p>\n<p>Para la actividad se eligieron \u00e1rboles ornamentales, medicinales y frutales. Durante la ense\u00f1anza en el centro de acopio, se trabajaron las huertas caseras junto a la comunidad de recicladores colombianos, retornados, migrantes y de acogida.<\/p>\n<p>A pesar de que el d\u00eda del \u00e1rbol es el 29 de abril, la actividad se llev\u00f3 a cabo el 24.<\/p>\n<p>El Programa de Alianzas para la Reconciliaci\u00f3n es una iniciativa de la Agencia de Estados Unidos para el Desarrollo Internacional (Usaid) y ACDI\/VOCA que promueve alianzas transformadoras para generar acciones de movilizaci\u00f3n e integraci\u00f3n econ\u00f3mica, social y cultural en 24 municipios y ciudades con mayor presencia de poblaci\u00f3n migrante venezolana.<\/p>\n<p>Adem\u00e1s, buscan resaltar la importancia de la memoria e identidad como herramienta de transformaci\u00f3n y crear agentes de cambio inspirados en cuatro pilares: Confianza, Respeto, Empoderamiento y Di\u00e1logo.<\/p>\n","protected":false},"excerpt":{"rendered":"<p>C\u00daCUTA.- Doscientas semillas, sembr\u00f3 la comunidad de recicladores venezolanos, retornados o de acogida, en desarrollo del Programa de Alianzas para la Reconciliaci\u00f3n de Usaid y ACDI\/VOCA. La actividad se cumpli\u00f3 en la celebraci\u00f3n por el D\u00eda del \u00c1rbol y cont\u00f3 con la participaci\u00f3n de Victoria Correa, Embajadora de la Reconciliaci\u00f3n. En la jornada se entregaron &hellip;<\/p>\n","protected":false},"author":1,"featured_media":36852,"comment_status":"open","ping_status":"open","sticky":false,"template":"","format":"standard","meta":{"footnotes":""},"categories":[4,347],"tags":[5171,5172,3223],"class_list":["post-36850","post","type-post","status-publish","format-standard","has-post-thumbnail","hentry","category-barra","category-medio-ambiente","tag-alianzas-para-la-reconciliacion","tag-dia-del-arbol","tag-usaid"],"_links":{"self":[{"href":"https:\/\/contraluzcucuta.co\/index.php?rest_route=\/wp\/v2\/posts\/36850","targetHints":{"allow":["GET"]}}],"collection":[{"href":"https:\/\/contraluzcucuta.co\/index.php?rest_route=\/wp\/v2\/posts"}],"about":[{"href":"https:\/\/contraluzcucuta.co\/index.php?rest_route=\/wp\/v2\/types\/post"}],"author":[{"embeddable":true,"href":"https:\/\/contraluzcucuta.co\/index.php?rest_route=\/wp\/v2\/users\/1"}],"replies":[{"embeddable":true,"href":"https:\/\/contraluzcucuta.co\/index.php?rest_route=%2Fwp%2Fv2%2Fcomments&post=36850"}],"version-history":[{"count":1,"href":"https:\/\/contraluzcucuta.co\/index.php?rest_route=\/wp\/v2\/posts\/36850\/revisions"}],"predecessor-version":[{"id":36853,"href":"https:\/\/contraluzcucuta.co\/index.php?rest_route=\/wp\/v2\/posts\/36850\/revisions\/36853"}],"wp:featuredmedia":[{"embeddable":true,"href":"https:\/\/contraluzcucuta.co\/index.php?rest_route=\/wp\/v2\/media\/36852"}],"wp:attachment":[{"href":"https:\/\/contraluzcucuta.co\/index.php?rest_route=%2Fwp%2Fv2%2Fmedia&parent=36850"}],"wp:term":[{"taxonomy":"category","embeddable":true,"href":"https:\/\/contraluzcucuta.co\/index.php?rest_route=%2Fwp%2Fv2%2Fcategories&post=36850"},{"taxonomy":"post_tag","embeddable":true,"href":"https:\/\/contraluzcucuta.co\/index.php?rest_route=%2Fwp%2Fv2%2Ftags&post=36850"}],"curies":[{"name":"wp","href":"https:\/\/api.w.org\/{rel}","templated":true}]}}