{"id":36842,"date":"2021-04-18T19:08:55","date_gmt":"2021-04-19T00:08:55","guid":{"rendered":"http:\/\/contraluzcucuta.co\/?p=36842"},"modified":"2021-04-18T19:24:26","modified_gmt":"2021-04-19T00:24:26","slug":"paz-con-legalidad-excombatientes-lideran-iniciativa-para-desarrollo-en-el-catatumbo","status":"publish","type":"post","link":"https:\/\/contraluzcucuta.co\/?p=36842","title":{"rendered":"PAZ CON LEGALIDAD. Excombatientes lideran iniciativa para desarrollo en El Catatumbo"},"content":{"rendered":"<p style=\"padding-left: 40px; text-align: right;\"><strong><span style=\"color: #ff9900;\">C\u00daCUTA.- $ 676 millones se invertir\u00e1n en el proyecto de cr\u00eda y recr\u00eda de b\u00fafalos para fortalecer la reincorporaci\u00f3n social y econ\u00f3mica de los exintegrantes de las Farc\u2013Ep y comunidades aleda\u00f1as al antiguo Espacio Territorial de Capacitaci\u00f3n y Reincorporaci\u00f3n (ETCR) Ca\u00f1o Indio, en Tib\u00fa.<\/span><\/strong><\/p>\n<p>La iniciativa se genera a partir de dos componentes:<\/p>\n<p>1.- Productivo. Busca afianzar las capacidades y medios para la reincorporaci\u00f3n econ\u00f3mica<\/p>\n<p>2.- Social. Ligado a la difusi\u00f3n, promoci\u00f3n y defensa de los derechos humanos, generaci\u00f3n de habilidades para la reconciliaci\u00f3n, convivencia, construcci\u00f3n de paz y protecci\u00f3n colectiva del territorio.<\/p>\n<p>Dairo Vallejo, representante de la cooperativa Comprocat, conf\u00eda en que otras comunidades reconozcan la sostenibilidad y la viabilidad de estos proyectos y que se interesen en la comercializaci\u00f3n de b\u00fafalos. \u201cCon la entrega de este proyecto y al ponerlo en desarrollo y crecimiento en el antiguo ETCR Ca\u00f1o Indio vamos a resultar beneficiados los reincorporados y las comunidades aleda\u00f1as\u201d, a\u00f1adi\u00f3.<\/p>\n<p><a href=\"https:\/\/contraluzcucuta.co\/wp-content\/uploads\/2021\/04\/ARN-BUFALOS-3.jpg\"><img loading=\"lazy\" decoding=\"async\" class=\"alignnone size-medium wp-image-36848\" src=\"https:\/\/contraluzcucuta.co\/wp-content\/uploads\/2021\/04\/ARN-BUFALOS-3-300x222.jpg\" alt=\"\" width=\"300\" height=\"222\" srcset=\"https:\/\/contraluzcucuta.co\/wp-content\/uploads\/2021\/04\/ARN-BUFALOS-3-300x222.jpg 300w, https:\/\/contraluzcucuta.co\/wp-content\/uploads\/2021\/04\/ARN-BUFALOS-3-600x445.jpg 600w, https:\/\/contraluzcucuta.co\/wp-content\/uploads\/2021\/04\/ARN-BUFALOS-3-1024x759.jpg 1024w, https:\/\/contraluzcucuta.co\/wp-content\/uploads\/2021\/04\/ARN-BUFALOS-3-768x569.jpg 768w, https:\/\/contraluzcucuta.co\/wp-content\/uploads\/2021\/04\/ARN-BUFALOS-3.jpg 1280w\" sizes=\"auto, (max-width: 300px) 100vw, 300px\" \/><\/a><\/p>\n<p>\u201cComo Agencia acompa\u00f1amos en la formulaci\u00f3n de esta propuesta productiva, presentada al Fondo Multidonante de las Naciones Unidas. Hoy, vemos los resultados de la importancia de la articulaci\u00f3n para alcanzar la trasformaci\u00f3n de los territorios hacia la reconciliaci\u00f3n y la paz en la legalidad\u201d, dijo Andr\u00e9s Stapper, director general de la Agencia para la Reincorporaci\u00f3n y la Normalizaci\u00f3n (ARN).<\/p>\n<p>El intercambio de conocimiento y el acceso a oportunidades productivas romper\u00e1 las relaciones de desconfianza o temor existentes entre las comunidades y la poblaci\u00f3n excombatiente y construir\u00e1 un v\u00ednculo de trabajo colectivo en el que todos se considerar\u00e1n como iguales, con las mismas capacidades y oportunidades.<\/p>\n<p>Las Naciones Unidas y el Gobierno, mediante convocatoria del Fondo Multidonante, seleccion\u00f3 proyectos que tienen como prop\u00f3sito vincular a las comunidades y excombatientes para reforzar los procesos de reincorporaci\u00f3n.<\/p>\n<p><a href=\"https:\/\/contraluzcucuta.co\/wp-content\/uploads\/2021\/04\/ARN-BUFALOS-2.jpg\"><img loading=\"lazy\" decoding=\"async\" class=\"alignnone size-medium wp-image-36846\" src=\"https:\/\/contraluzcucuta.co\/wp-content\/uploads\/2021\/04\/ARN-BUFALOS-2-300x225.jpg\" alt=\"\" width=\"300\" height=\"225\" srcset=\"https:\/\/contraluzcucuta.co\/wp-content\/uploads\/2021\/04\/ARN-BUFALOS-2-300x225.jpg 300w, https:\/\/contraluzcucuta.co\/wp-content\/uploads\/2021\/04\/ARN-BUFALOS-2-600x450.jpg 600w, https:\/\/contraluzcucuta.co\/wp-content\/uploads\/2021\/04\/ARN-BUFALOS-2-1024x767.jpg 1024w, https:\/\/contraluzcucuta.co\/wp-content\/uploads\/2021\/04\/ARN-BUFALOS-2-768x575.jpg 768w, https:\/\/contraluzcucuta.co\/wp-content\/uploads\/2021\/04\/ARN-BUFALOS-2.jpg 1280w\" sizes=\"auto, (max-width: 300px) 100vw, 300px\" \/><\/a><\/p>\n<p>La primera entrega corresponde a 73 b\u00fafalos por parte de Ascamcat como aporte a la construcci\u00f3n de paz y reconciliaci\u00f3n en Ca\u00f1o Indio, afirm\u00f3 Pontus Ohrstedt, jefe de la Oficina de la Coordinadora Residente de Naciones Unidas en Colombia y Gerente de MPTF.<\/p>\n<p>Para la sostenibilidad del proyecto cuentan con aliados estrat\u00e9gicos que le apuntan a la producci\u00f3n y la comercializaci\u00f3n, el fortalecimiento de las capacidades t\u00e9cnicas y organizacionales, y el apoyo financiero de la Gobernaci\u00f3n de Norte de Santander, la Alcald\u00eda de Tib\u00fa, la C\u00e1mara de Comercio de C\u00facuta, el Fondo para el Financiamiento del Sector Agropecuario (Finagro), la Universidad Francisco de Paula Santander, el Instituto Colombiano Agropecuario (ICA) y el Sena.<\/p>\n<p>Los beneficios del proyecto impactan a 720 personas, 279 habitan en la vereda Ca\u00f1o Indio, 154 en la vereda Palmeras Mirador, 154 en la vereda El Progreso Dos y 69 en la vereda Chiquinquir\u00e1.<\/p>\n<p>De los beneficiados el 50 % son hombres y el 50 % son mujeres. El 35 % de la poblaci\u00f3n est\u00e1 entre los 29 y los 59 a\u00f1os, en el rango de edad de poblaci\u00f3n econ\u00f3micamente activa.<\/p>\n<p>413 personas han participado en procesos de fortalecimiento de competencias para la inclusi\u00f3n productiva.<\/p>\n","protected":false},"excerpt":{"rendered":"<p>C\u00daCUTA.- $ 676 millones se invertir\u00e1n en el proyecto de cr\u00eda y recr\u00eda de b\u00fafalos para fortalecer la reincorporaci\u00f3n social y econ\u00f3mica de los exintegrantes de las Farc\u2013Ep y comunidades aleda\u00f1as al antiguo Espacio Territorial de Capacitaci\u00f3n y Reincorporaci\u00f3n (ETCR) Ca\u00f1o Indio, en Tib\u00fa. La iniciativa se genera a partir de dos componentes: 1.- Productivo. &hellip;<\/p>\n","protected":false},"author":1,"featured_media":36843,"comment_status":"open","ping_status":"open","sticky":false,"template":"","format":"standard","meta":{"footnotes":""},"categories":[4,32],"tags":[5094,4569,5170],"class_list":["post-36842","post","type-post","status-publish","format-standard","has-post-thumbnail","hentry","category-barra","category-recorrido-por-la-region","tag-agencia-para-la-reincorporacion-y-la-normalizacion","tag-arn","tag-paz-con-legalidad"],"_links":{"self":[{"href":"https:\/\/contraluzcucuta.co\/index.php?rest_route=\/wp\/v2\/posts\/36842","targetHints":{"allow":["GET"]}}],"collection":[{"href":"https:\/\/contraluzcucuta.co\/index.php?rest_route=\/wp\/v2\/posts"}],"about":[{"href":"https:\/\/contraluzcucuta.co\/index.php?rest_route=\/wp\/v2\/types\/post"}],"author":[{"embeddable":true,"href":"https:\/\/contraluzcucuta.co\/index.php?rest_route=\/wp\/v2\/users\/1"}],"replies":[{"embeddable":true,"href":"https:\/\/contraluzcucuta.co\/index.php?rest_route=%2Fwp%2Fv2%2Fcomments&post=36842"}],"version-history":[{"count":4,"href":"https:\/\/contraluzcucuta.co\/index.php?rest_route=\/wp\/v2\/posts\/36842\/revisions"}],"predecessor-version":[{"id":36849,"href":"https:\/\/contraluzcucuta.co\/index.php?rest_route=\/wp\/v2\/posts\/36842\/revisions\/36849"}],"wp:featuredmedia":[{"embeddable":true,"href":"https:\/\/contraluzcucuta.co\/index.php?rest_route=\/wp\/v2\/media\/36843"}],"wp:attachment":[{"href":"https:\/\/contraluzcucuta.co\/index.php?rest_route=%2Fwp%2Fv2%2Fmedia&parent=36842"}],"wp:term":[{"taxonomy":"category","embeddable":true,"href":"https:\/\/contraluzcucuta.co\/index.php?rest_route=%2Fwp%2Fv2%2Fcategories&post=36842"},{"taxonomy":"post_tag","embeddable":true,"href":"https:\/\/contraluzcucuta.co\/index.php?rest_route=%2Fwp%2Fv2%2Ftags&post=36842"}],"curies":[{"name":"wp","href":"https:\/\/api.w.org\/{rel}","templated":true}]}}