{"id":36836,"date":"2021-04-17T18:37:03","date_gmt":"2021-04-17T23:37:03","guid":{"rendered":"http:\/\/contraluzcucuta.co\/?p=36836"},"modified":"2021-04-17T18:37:03","modified_gmt":"2021-04-17T23:37:03","slug":"propuestas-de-fenalco-mayor-seguridad-en-la-ciudad-y-combatir-el-contrabando","status":"publish","type":"post","link":"https:\/\/contraluzcucuta.co\/?p=36836","title":{"rendered":"PROPUESTAS DE FENALCO. Mayor seguridad en la ciudad y combatir el contrabando"},"content":{"rendered":"<p style=\"padding-left: 40px; text-align: right;\"><strong><span style=\"color: #ff9900;\">C\u00daCUTA.- Una serie de propuestas relacionadas con la seguridad de la ciudad present\u00f3 Fenalco al ministro de Defensa, Diego Molano, en representaci\u00f3n de comerciantes y empresarios locales. Al entregar el documento, la Federaci\u00f3n tuvo en cuenta los problemas que afronta la regi\u00f3n.<\/span><\/strong><\/p>\n<p>\u201cDimos a conocer las propuestas que desde el gremio consideramos importantes para garantizar la seguridad, tanto para las personas como para las actividades econ\u00f3micas que hoy se centran en el territorio\u201d, se\u00f1al\u00f3 en comunicado conocido esta semana.<\/p>\n<p>En reuni\u00f3n pasada con el ministro Molano, Fenalco solicit\u00f3 atenci\u00f3n especial para el centro de la ciudad. \u201cHoy, vemos que se han instalado dos CAI, para reforzar la presencia policiva en el sector\u201d, inform\u00f3 el gremio.<\/p>\n<p>La nueva solicitud se direcciona hacia la sectorizaci\u00f3n del centro, con personal de Polic\u00eda y se delegue la atenci\u00f3n en cada \u00e1rea para cerrar el cerco a la delincuencia. Adem\u00e1s, as\u00ed se mitigar\u00e1n los riesgos de seguridad ciudadana que se viven en el cuadrante c\u00e9ntrico de C\u00facuta.<\/p>\n<p>Fenalco, tambi\u00e9n, hab\u00eda pedido mayor seguridad y garant\u00edas para los empresarios que se movilizan por la v\u00eda Puerto Santander-Astilleros. En la zona hay actividades agroindustriales que deben atenderse y cuidarse. \u201cReconocemos que estas acciones han permitido con \u00e9xito la seguridad en ese sector\u201d.<\/p>\n<p>Para disminuir los riesgos de contrabando en el \u00e1rea de frontera, la Federaci\u00f3n de Comerciantes sostuvo que el n\u00famero de uniformados adscrito a la Polfa (80 agentes) debe aumentarse con el fin de atender la extensa franja lim\u00edtrofe. Y que la Polic\u00eda Aduanera disponga de mayores recursos para tecnolog\u00eda que permita labores eficaces y contundentes para combatir ese delito.<\/p>\n<p>\u201cNecesitamos una Frontera ordenada y segura para controlar los pasos irregulares donde se mueve la delincuencia organizada\u201d, manifest\u00f3 en el comunicado.<\/p>\n<p>Fenalco se declar\u00f3 \u201cgremio participativo, democr\u00e1tico, que respeta la institucionalidad\u201d, por lo que apoya las acciones que la fuerza p\u00fablica desarrolla y espera que resultados sean positivos.<\/p>\n","protected":false},"excerpt":{"rendered":"<p>C\u00daCUTA.- Una serie de propuestas relacionadas con la seguridad de la ciudad present\u00f3 Fenalco al ministro de Defensa, Diego Molano, en representaci\u00f3n de comerciantes y empresarios locales. Al entregar el documento, la Federaci\u00f3n tuvo en cuenta los problemas que afronta la regi\u00f3n. \u201cDimos a conocer las propuestas que desde el gremio consideramos importantes para garantizar &hellip;<\/p>\n","protected":false},"author":1,"featured_media":36837,"comment_status":"open","ping_status":"open","sticky":false,"template":"","format":"standard","meta":{"footnotes":""},"categories":[4,36],"tags":[378,1114,1562,1274],"class_list":["post-36836","post","type-post","status-publish","format-standard","has-post-thumbnail","hentry","category-barra","category-la-voz-del-pueblo","tag-fenalco","tag-ministro-de-defensa","tag-ministro-diego-molano-vega","tag-seguridad-en-cucuta"],"_links":{"self":[{"href":"https:\/\/contraluzcucuta.co\/index.php?rest_route=\/wp\/v2\/posts\/36836","targetHints":{"allow":["GET"]}}],"collection":[{"href":"https:\/\/contraluzcucuta.co\/index.php?rest_route=\/wp\/v2\/posts"}],"about":[{"href":"https:\/\/contraluzcucuta.co\/index.php?rest_route=\/wp\/v2\/types\/post"}],"author":[{"embeddable":true,"href":"https:\/\/contraluzcucuta.co\/index.php?rest_route=\/wp\/v2\/users\/1"}],"replies":[{"embeddable":true,"href":"https:\/\/contraluzcucuta.co\/index.php?rest_route=%2Fwp%2Fv2%2Fcomments&post=36836"}],"version-history":[{"count":1,"href":"https:\/\/contraluzcucuta.co\/index.php?rest_route=\/wp\/v2\/posts\/36836\/revisions"}],"predecessor-version":[{"id":36838,"href":"https:\/\/contraluzcucuta.co\/index.php?rest_route=\/wp\/v2\/posts\/36836\/revisions\/36838"}],"wp:featuredmedia":[{"embeddable":true,"href":"https:\/\/contraluzcucuta.co\/index.php?rest_route=\/wp\/v2\/media\/36837"}],"wp:attachment":[{"href":"https:\/\/contraluzcucuta.co\/index.php?rest_route=%2Fwp%2Fv2%2Fmedia&parent=36836"}],"wp:term":[{"taxonomy":"category","embeddable":true,"href":"https:\/\/contraluzcucuta.co\/index.php?rest_route=%2Fwp%2Fv2%2Fcategories&post=36836"},{"taxonomy":"post_tag","embeddable":true,"href":"https:\/\/contraluzcucuta.co\/index.php?rest_route=%2Fwp%2Fv2%2Ftags&post=36836"}],"curies":[{"name":"wp","href":"https:\/\/api.w.org\/{rel}","templated":true}]}}