{"id":36821,"date":"2021-04-15T20:11:17","date_gmt":"2021-04-16T01:11:17","guid":{"rendered":"http:\/\/contraluzcucuta.co\/?p=36821"},"modified":"2021-04-15T20:12:31","modified_gmt":"2021-04-16T01:12:31","slug":"seguridad-ciudadana-duque-entrego-50-motocicletas-a-policia-metropolitana","status":"publish","type":"post","link":"https:\/\/contraluzcucuta.co\/?p=36821","title":{"rendered":"SEGURIDAD CIUDADANA. Duque entreg\u00f3 50 motocicletas a Polic\u00eda Metropolitana"},"content":{"rendered":"<p style=\"padding-left: 40px; text-align: right;\"><strong><span style=\"color: #ff9900;\">C\u00daCUTA.- El presidente Iv\u00e1n Duque entreg\u00f3 50 motocicletas a la Polic\u00eda Metropolitana de C\u00facuta. Los veh\u00edculos reforzar\u00e1n el parque automotor de la instituci\u00f3n uniformada para velar por la seguridad y la tranquilidad de los cucute\u00f1os. La gesti\u00f3n estuvo a cargo de la Alcald\u00eda de C\u00facuta ante el Ministerio del Interior y el Fondo Para la Seguridad y Convivencia (Fonsecon).<\/span><\/strong><\/p>\n<p>\u201cAqu\u00ed estamos como Gobierno, entregando equipos para que la seguridad ciudadana se fortalezca todos los d\u00edas. Derrotemos el delito y sembremos m\u00e1s confianza en la ciudadan\u00eda\u201d, dijo Duque. El acto se llev\u00f3 a cabo en Los Vados (Los Patios).<\/p>\n<p>Otras ocho motocicletas fueron destinadas para Convenci\u00f3n y Tib\u00fa. \u201cQueremos infundir en la regi\u00f3n el proceso de modernizaci\u00f3n que se adelanta en la Polic\u00eda\u201d, afirm\u00f3 el Presidente.<\/p>\n<p>Las motocicletas estar\u00e1n al servicio de la ciudadan\u00eda para apoyar los operativos de vigilancia y control, y brindar tranquilidad a los habitantes de la ciudad y el \u00c1rea metropolitana.<\/p>\n<p><a href=\"https:\/\/contraluzcucuta.co\/wp-content\/uploads\/2021\/04\/MOTOS-METROPOLITANAS-1.jpg\"><img loading=\"lazy\" decoding=\"async\" class=\"alignnone size-medium wp-image-36823\" src=\"https:\/\/contraluzcucuta.co\/wp-content\/uploads\/2021\/04\/MOTOS-METROPOLITANAS-1-300x200.jpg\" alt=\"\" width=\"300\" height=\"200\" srcset=\"https:\/\/contraluzcucuta.co\/wp-content\/uploads\/2021\/04\/MOTOS-METROPOLITANAS-1-300x200.jpg 300w, https:\/\/contraluzcucuta.co\/wp-content\/uploads\/2021\/04\/MOTOS-METROPOLITANAS-1-600x400.jpg 600w, https:\/\/contraluzcucuta.co\/wp-content\/uploads\/2021\/04\/MOTOS-METROPOLITANAS-1-768x512.jpg 768w, https:\/\/contraluzcucuta.co\/wp-content\/uploads\/2021\/04\/MOTOS-METROPOLITANAS-1.jpg 1024w\" sizes=\"auto, (max-width: 300px) 100vw, 300px\" \/><\/a><\/p>\n<p>El alcalde Jairo Y\u00e1\u00f1ez dijo que el objetivo es confirmar el trabajo en equipo y el liderazgo colectivo entre la interinstitucionalidad. Anunci\u00f3 que solicitar\u00e1 al Gobierno apoyo, porque \u201ctenemos el compromiso de neutralizar al delito con hechos, trabajo permanente y presencia de la institucionalidad d\u00eda y noche. La guerra frontal contra la delincuencia es un compromiso de todos\u201d.<\/p>\n<p><a href=\"https:\/\/contraluzcucuta.co\/wp-content\/uploads\/2021\/04\/MOTOS-METROPOLITANAS-3.jpg\"><img loading=\"lazy\" decoding=\"async\" class=\"alignnone size-medium wp-image-36824\" src=\"https:\/\/contraluzcucuta.co\/wp-content\/uploads\/2021\/04\/MOTOS-METROPOLITANAS-3-300x200.jpg\" alt=\"\" width=\"300\" height=\"200\" srcset=\"https:\/\/contraluzcucuta.co\/wp-content\/uploads\/2021\/04\/MOTOS-METROPOLITANAS-3-300x200.jpg 300w, https:\/\/contraluzcucuta.co\/wp-content\/uploads\/2021\/04\/MOTOS-METROPOLITANAS-3-600x400.jpg 600w, https:\/\/contraluzcucuta.co\/wp-content\/uploads\/2021\/04\/MOTOS-METROPOLITANAS-3-768x512.jpg 768w, https:\/\/contraluzcucuta.co\/wp-content\/uploads\/2021\/04\/MOTOS-METROPOLITANAS-3.jpg 1024w\" sizes=\"auto, (max-width: 300px) 100vw, 300px\" \/><\/a><\/p>\n<p>El presidente Duque estuvo acompa\u00f1ado por Martha Luc\u00eda Ram\u00edrez, vicepresidenta de la Rep\u00fablica; Jairo Y\u00e1\u00f1ez, alcalde de C\u00facuta; Silvano Serrano, gobernador de Norte de Santander; Diego Molano, ministro de Defensa; Daniel Palacios, ministro del Interior; mayor general Jorge Luis Vargas, director de la Polic\u00eda; brigadier general Oscar Moreno, comandante de la Polic\u00eda Metropolitana de C\u00facuta; Jos\u00e9 Miguel Bonilla, alcalde de Los Patios y congresistas de la regi\u00f3n.<\/p>\n","protected":false},"excerpt":{"rendered":"<p>C\u00daCUTA.- El presidente Iv\u00e1n Duque entreg\u00f3 50 motocicletas a la Polic\u00eda Metropolitana de C\u00facuta. Los veh\u00edculos reforzar\u00e1n el parque automotor de la instituci\u00f3n uniformada para velar por la seguridad y la tranquilidad de los cucute\u00f1os. La gesti\u00f3n estuvo a cargo de la Alcald\u00eda de C\u00facuta ante el Ministerio del Interior y el Fondo Para la &hellip;<\/p>\n","protected":false},"author":1,"featured_media":36822,"comment_status":"open","ping_status":"open","sticky":false,"template":"","format":"standard","meta":{"footnotes":""},"categories":[4,36],"tags":[293,4831,2061],"class_list":["post-36821","post","type-post","status-publish","format-standard","has-post-thumbnail","hentry","category-barra","category-la-voz-del-pueblo","tag-policia-metropolitana-de-cucuta","tag-presidente-duque","tag-seguridad-ciudadana"],"_links":{"self":[{"href":"https:\/\/contraluzcucuta.co\/index.php?rest_route=\/wp\/v2\/posts\/36821","targetHints":{"allow":["GET"]}}],"collection":[{"href":"https:\/\/contraluzcucuta.co\/index.php?rest_route=\/wp\/v2\/posts"}],"about":[{"href":"https:\/\/contraluzcucuta.co\/index.php?rest_route=\/wp\/v2\/types\/post"}],"author":[{"embeddable":true,"href":"https:\/\/contraluzcucuta.co\/index.php?rest_route=\/wp\/v2\/users\/1"}],"replies":[{"embeddable":true,"href":"https:\/\/contraluzcucuta.co\/index.php?rest_route=%2Fwp%2Fv2%2Fcomments&post=36821"}],"version-history":[{"count":2,"href":"https:\/\/contraluzcucuta.co\/index.php?rest_route=\/wp\/v2\/posts\/36821\/revisions"}],"predecessor-version":[{"id":36826,"href":"https:\/\/contraluzcucuta.co\/index.php?rest_route=\/wp\/v2\/posts\/36821\/revisions\/36826"}],"wp:featuredmedia":[{"embeddable":true,"href":"https:\/\/contraluzcucuta.co\/index.php?rest_route=\/wp\/v2\/media\/36822"}],"wp:attachment":[{"href":"https:\/\/contraluzcucuta.co\/index.php?rest_route=%2Fwp%2Fv2%2Fmedia&parent=36821"}],"wp:term":[{"taxonomy":"category","embeddable":true,"href":"https:\/\/contraluzcucuta.co\/index.php?rest_route=%2Fwp%2Fv2%2Fcategories&post=36821"},{"taxonomy":"post_tag","embeddable":true,"href":"https:\/\/contraluzcucuta.co\/index.php?rest_route=%2Fwp%2Fv2%2Ftags&post=36821"}],"curies":[{"name":"wp","href":"https:\/\/api.w.org\/{rel}","templated":true}]}}