{"id":36812,"date":"2021-04-15T15:38:50","date_gmt":"2021-04-15T20:38:50","guid":{"rendered":"http:\/\/contraluzcucuta.co\/?p=36812"},"modified":"2021-04-15T15:40:47","modified_gmt":"2021-04-15T20:40:47","slug":"demolicion-de-olla-guerra-frontal-contra-la-delincuencia-en-cucuta","status":"publish","type":"post","link":"https:\/\/contraluzcucuta.co\/?p=36812","title":{"rendered":"DEMOLICI\u00d3N DE OLLA. Guerra frontal contra la delincuencia, en C\u00facuta"},"content":{"rendered":"<p style=\"padding-left: 40px; text-align: right;\"><strong><span style=\"color: #ff9900;\">C\u00daCUTA.- Los habitantes de la Urbanizaci\u00f3n Los Estoraques y barrios circunvecinos recuperar\u00e1n la tranquilidad, luego de la demolici\u00f3n de la olla dedicada al expendio de sustancias sicoactivas. Los ciudadanos se sentir\u00e1n seguros, alejados del peligro que representaba la presencia de consumidores de drogas.<\/span><\/strong><\/p>\n<p>En las cuentas del ministro de Defensa, Diego Molano, la destrucci\u00f3n de la casa alejar\u00e1 de la tentaci\u00f3n a 900 ni\u00f1os que estudian en el megacolegio, ubicado a 200 metros del lugar. Invit\u00f3 a la comunidad a combatir los hechos delictivos y a que se vinculen a las redes de participaci\u00f3n c\u00edvica. \u201cCon confianza, denuncien a los j\u00edbaros y a las ollas para que nuestra Polic\u00eda act\u00fae\u201d.<\/p>\n<p>El lote, seg\u00fan anuncio del alcalde Jaime Y\u00e1\u00f1ez, se aprovechar\u00e1 para construir un lugar que beneficie a la comunidad. La administraci\u00f3n municipal, el ICBF y el Centro de Pensamiento Urbano del \u00c1rea Metropolitana trabajan en la elaboraci\u00f3n de los dise\u00f1os \u201cpara sustituir estos espacios por unos que promuevan la dignidad y la decencia\u201d.<\/p>\n<p>La demolici\u00f3n es el resultado de la labor articulada entre la Alcald\u00eda, la Polic\u00eda y el Ej\u00e9rcito. \u201cTodos los d\u00edas trabajamos d\u00eda y noche por luchar contra la inseguridad de la ciudad\u201d, dijo Y\u00e1\u00f1ez.<\/p>\n<p>Como testigos asistieron el ministro Molano Aponte; el director de la Polic\u00eda, mayor general Jorge Luis Vargas; el director de la Dijin, mayor general Fernando Murillo; el comandante de la Polic\u00eda Metropolitana de C\u00facuta, brigadier general \u00d3scar Moreno Miranda; la directora del ICBF, Lina Arbel\u00e1ez, y autoridades regionales y locales.<\/p>\n<p>\u201cHe jurado, dentro mis compromisos irrenunciables, trabajar por la educaci\u00f3n y el emprendimiento. Demoler esta \u2018olla\u2019 es para construir un sitio de aprovechamiento de la comunidad\u201d, afirm\u00f3 el alcalde Jaime Y\u00e1\u00f1ez.<\/p>\n<p><a href=\"https:\/\/contraluzcucuta.co\/wp-content\/uploads\/2021\/04\/OLLA-LOS-ESTORAQUES-2.jpg\"><img loading=\"lazy\" decoding=\"async\" class=\"alignnone size-medium wp-image-36816\" src=\"https:\/\/contraluzcucuta.co\/wp-content\/uploads\/2021\/04\/OLLA-LOS-ESTORAQUES-2-300x200.jpg\" alt=\"\" width=\"300\" height=\"200\" srcset=\"https:\/\/contraluzcucuta.co\/wp-content\/uploads\/2021\/04\/OLLA-LOS-ESTORAQUES-2-300x200.jpg 300w, https:\/\/contraluzcucuta.co\/wp-content\/uploads\/2021\/04\/OLLA-LOS-ESTORAQUES-2-600x400.jpg 600w, https:\/\/contraluzcucuta.co\/wp-content\/uploads\/2021\/04\/OLLA-LOS-ESTORAQUES-2-1024x682.jpg 1024w, https:\/\/contraluzcucuta.co\/wp-content\/uploads\/2021\/04\/OLLA-LOS-ESTORAQUES-2-768x512.jpg 768w, https:\/\/contraluzcucuta.co\/wp-content\/uploads\/2021\/04\/OLLA-LOS-ESTORAQUES-2.jpg 1280w\" sizes=\"auto, (max-width: 300px) 100vw, 300px\" \/><\/a><\/p>\n<p>De esta manera, la Alcald\u00eda de C\u00facuta le declar\u00f3 la guerra frontal al micro y narcotr\u00e1fico de la ciudad. En la tarde, el presidente Iv\u00e1n Duque entreg\u00f3 en Los Patios 50 motocicletas para la Polic\u00eda, gestionadas ante el Ministerio del Interior.<\/p>\n","protected":false},"excerpt":{"rendered":"<p>C\u00daCUTA.- Los habitantes de la Urbanizaci\u00f3n Los Estoraques y barrios circunvecinos recuperar\u00e1n la tranquilidad, luego de la demolici\u00f3n de la olla dedicada al expendio de sustancias sicoactivas. Los ciudadanos se sentir\u00e1n seguros, alejados del peligro que representaba la presencia de consumidores de drogas. En las cuentas del ministro de Defensa, Diego Molano, la destrucci\u00f3n de &hellip;<\/p>\n","protected":false},"author":1,"featured_media":36813,"comment_status":"open","ping_status":"open","sticky":false,"template":"","format":"standard","meta":{"footnotes":""},"categories":[11,4],"tags":[5165,250],"class_list":["post-36812","post","type-post","status-publish","format-standard","has-post-thumbnail","hentry","category-cronica-roja","category-barra","tag-demolicion-de-olla","tag-ministerio-de-defensa"],"_links":{"self":[{"href":"https:\/\/contraluzcucuta.co\/index.php?rest_route=\/wp\/v2\/posts\/36812","targetHints":{"allow":["GET"]}}],"collection":[{"href":"https:\/\/contraluzcucuta.co\/index.php?rest_route=\/wp\/v2\/posts"}],"about":[{"href":"https:\/\/contraluzcucuta.co\/index.php?rest_route=\/wp\/v2\/types\/post"}],"author":[{"embeddable":true,"href":"https:\/\/contraluzcucuta.co\/index.php?rest_route=\/wp\/v2\/users\/1"}],"replies":[{"embeddable":true,"href":"https:\/\/contraluzcucuta.co\/index.php?rest_route=%2Fwp%2Fv2%2Fcomments&post=36812"}],"version-history":[{"count":3,"href":"https:\/\/contraluzcucuta.co\/index.php?rest_route=\/wp\/v2\/posts\/36812\/revisions"}],"predecessor-version":[{"id":36817,"href":"https:\/\/contraluzcucuta.co\/index.php?rest_route=\/wp\/v2\/posts\/36812\/revisions\/36817"}],"wp:featuredmedia":[{"embeddable":true,"href":"https:\/\/contraluzcucuta.co\/index.php?rest_route=\/wp\/v2\/media\/36813"}],"wp:attachment":[{"href":"https:\/\/contraluzcucuta.co\/index.php?rest_route=%2Fwp%2Fv2%2Fmedia&parent=36812"}],"wp:term":[{"taxonomy":"category","embeddable":true,"href":"https:\/\/contraluzcucuta.co\/index.php?rest_route=%2Fwp%2Fv2%2Fcategories&post=36812"},{"taxonomy":"post_tag","embeddable":true,"href":"https:\/\/contraluzcucuta.co\/index.php?rest_route=%2Fwp%2Fv2%2Ftags&post=36812"}],"curies":[{"name":"wp","href":"https:\/\/api.w.org\/{rel}","templated":true}]}}