{"id":36807,"date":"2021-04-14T20:43:27","date_gmt":"2021-04-15T01:43:27","guid":{"rendered":"http:\/\/contraluzcucuta.co\/?p=36807"},"modified":"2021-04-14T20:47:29","modified_gmt":"2021-04-15T01:47:29","slug":"proyecto-piloto-formalizadas-cooperativas-de-vendedores-ambulantes-en-cucuta","status":"publish","type":"post","link":"https:\/\/contraluzcucuta.co\/?p=36807","title":{"rendered":"PROYECTO PILOTO. Formalizadas cooperativas de vendedores ambulantes en C\u00facuta"},"content":{"rendered":"<p style=\"padding-left: 40px; text-align: right;\"><strong><span style=\"color: #ff9900;\">C\u00daCUTA.- Ciento veintis\u00e9is trabajadores informales, integrantes de cinco cooperativas, hacen parte del proyecto piloto con el que se busca formalizar la econom\u00eda de familias dedicadas a ventas callejeras. La labor comenz\u00f3 en diciembre con apoyo del presidente Iv\u00e1n Duque y la vicepresidenta Marta Luc\u00eda Ram\u00edrez.<\/span><\/strong><\/p>\n<p>\u201cEs un gran compromiso que debemos continuar adelante, con nuestro acompa\u00f1amiento y vincular a una gran cantidad de personas que quieren trabajar como lo han venido haciendo hace muchos a\u00f1os\u201d, dijo ayer en C\u00facuta Marta Luc\u00eda Ram\u00edrez.<\/p>\n<p>Al proyecto se han vinculado, de manera coordinada, instituciones, universidades y la administraci\u00f3n municipal. La primera labor cumplida fue el proceso de caracterizaci\u00f3n de la poblaci\u00f3n.<\/p>\n<p>Noventaisiete vendedores informales, mujeres cabeza de hogar y l\u00edderes comunitarios de diversos sectores, recibieron capacitaci\u00f3n en cursos b\u00e1sicos de econom\u00eda solidaria. \u201cHoy se da el punto de partida con estas cooperativas que est\u00e1n consolid\u00e1ndose, desarrollando y fortaleciendo un mercado\u201d, resalt\u00f3 la Vicepresidenta.<\/p>\n<p>En la reuni\u00f3n, cumplida en el Centro Cultural Quinta Teresa, con los protocolos de bioseguridad, Marta Luc\u00eda Ram\u00edrez felicit\u00f3 el trabajo que permiti\u00f3 la creaci\u00f3n de estos espacios con los que se busca contrarrestar los niveles de desempleo e informalidad que registra la capital del departamento.<\/p>\n<p>El alcalde Jairo Y\u00e1\u00f1ez destac\u00f3 que \u201cestas semillas de cooperaci\u00f3n van a transcender para que muchas m\u00e1s cooperativas nazcan. Nuestra tarea se hace m\u00e1s f\u00e1cil cuando hablamos del desarrollo colectivo de la cuidad\u201d. Entre las beneficiadas aparecen asociaciones que por m\u00e1s de 60 a\u00f1os estuvieron en la informalidad y hoy se constituyen en pioneros en la construcci\u00f3n de empresas.<\/p>\n<p>La intenci\u00f3n es que la segunda fase se tenga apoyo para trabajar con cooperativas de la zona rural que buscan formalizar su econom\u00eda. Adem\u00e1s, para destacar la importancia de desarrollar estos proyectos que reivindican el trabajo de decenas de personas en esta condici\u00f3n.<\/p>\n<p>Los beneficiados con el proyecto resaltaron el trabajo de la secretar\u00eda de Desarrollo Econ\u00f3mico y del Banco del Progreso. Estas dependencias acompa\u00f1aron varios meses el fortalecimiento del proyecto y la capacitaci\u00f3n.<\/p>\n<p>\u201cPara nosotros es una gran bendici\u00f3n. Por muchos a\u00f1os quisimos acceder y no pod\u00edamos a una mejora de empleo, ahora es una realidad y es gracias al trabajo que se ha hecho con la Alcald\u00eda\u201d, dijo Doris Rojas, gerente de la cooperativa Mujeres, artesan\u00edas, belleza y confecciones.<\/p>\n<p>Las cooperativas formalizadas en C\u00facuta son:<\/p>\n<p>&#8211; Cooperativa Mercados libres de C\u00facuta<\/p>\n<p>&#8211; Cooperativa Mujeres, artesan\u00edas, belleza y confecciones<\/p>\n<p>&#8211; Cooperativa Pro-vida, vendedores informales del centro de C\u00facuta<\/p>\n<p>&#8211; Cooperativa Mulcodes, de desarrollo comunitario<\/p>\n<p>&#8211; Cooperativa Transervins, trabajadores informales del Parque Santander.<\/p>\n","protected":false},"excerpt":{"rendered":"<p>C\u00daCUTA.- Ciento veintis\u00e9is trabajadores informales, integrantes de cinco cooperativas, hacen parte del proyecto piloto con el que se busca formalizar la econom\u00eda de familias dedicadas a ventas callejeras. La labor comenz\u00f3 en diciembre con apoyo del presidente Iv\u00e1n Duque y la vicepresidenta Marta Luc\u00eda Ram\u00edrez. \u201cEs un gran compromiso que debemos continuar adelante, con nuestro &hellip;<\/p>\n","protected":false},"author":1,"featured_media":36809,"comment_status":"open","ping_status":"open","sticky":false,"template":"","format":"standard","meta":{"footnotes":""},"categories":[2625,4],"tags":[226,2352,4524],"class_list":["post-36807","post","type-post","status-publish","format-standard","has-post-thumbnail","hentry","category-alcaldia-de-cucuta","category-barra","tag-alcaldia-de-cucuta","tag-vendedores-informales","tag-vicepresidenta-ramirez"],"_links":{"self":[{"href":"https:\/\/contraluzcucuta.co\/index.php?rest_route=\/wp\/v2\/posts\/36807","targetHints":{"allow":["GET"]}}],"collection":[{"href":"https:\/\/contraluzcucuta.co\/index.php?rest_route=\/wp\/v2\/posts"}],"about":[{"href":"https:\/\/contraluzcucuta.co\/index.php?rest_route=\/wp\/v2\/types\/post"}],"author":[{"embeddable":true,"href":"https:\/\/contraluzcucuta.co\/index.php?rest_route=\/wp\/v2\/users\/1"}],"replies":[{"embeddable":true,"href":"https:\/\/contraluzcucuta.co\/index.php?rest_route=%2Fwp%2Fv2%2Fcomments&post=36807"}],"version-history":[{"count":3,"href":"https:\/\/contraluzcucuta.co\/index.php?rest_route=\/wp\/v2\/posts\/36807\/revisions"}],"predecessor-version":[{"id":36811,"href":"https:\/\/contraluzcucuta.co\/index.php?rest_route=\/wp\/v2\/posts\/36807\/revisions\/36811"}],"wp:featuredmedia":[{"embeddable":true,"href":"https:\/\/contraluzcucuta.co\/index.php?rest_route=\/wp\/v2\/media\/36809"}],"wp:attachment":[{"href":"https:\/\/contraluzcucuta.co\/index.php?rest_route=%2Fwp%2Fv2%2Fmedia&parent=36807"}],"wp:term":[{"taxonomy":"category","embeddable":true,"href":"https:\/\/contraluzcucuta.co\/index.php?rest_route=%2Fwp%2Fv2%2Fcategories&post=36807"},{"taxonomy":"post_tag","embeddable":true,"href":"https:\/\/contraluzcucuta.co\/index.php?rest_route=%2Fwp%2Fv2%2Ftags&post=36807"}],"curies":[{"name":"wp","href":"https:\/\/api.w.org\/{rel}","templated":true}]}}