{"id":36801,"date":"2021-04-14T17:34:38","date_gmt":"2021-04-14T22:34:38","guid":{"rendered":"http:\/\/contraluzcucuta.co\/?p=36801"},"modified":"2021-04-14T17:34:38","modified_gmt":"2021-04-14T22:34:38","slug":"cucuta-como-vamos-pobreza-monetaria-de-los-cucutenos-alcanzo-el-41-en-el-2019","status":"publish","type":"post","link":"https:\/\/contraluzcucuta.co\/?p=36801","title":{"rendered":"C\u00daCUTA COMO VAMOS. Pobreza monetaria de los cucute\u00f1os alcanz\u00f3 el 41 %, en el 2019"},"content":{"rendered":"<p style=\"padding-left: 40px; text-align: right;\"><strong><span style=\"color: #ff9900;\">C\u00facuta y el \u00c1rea Metropolitana, para el 2018, ocuparon el quinto lugar entre las ciudades capitales de departamento en la medici\u00f3n de la pobreza\u00a0monetaria, con 41 %, y para el 2019 paso al tercer lugar con el 45,5 % de incidencia sobre la poblaci\u00f3n. Los datos est\u00e1n contenidos en el informe C\u00facuta como vamos, revelado a comienzos de semana.<\/span><\/strong><\/p>\n<p>La incidencia de la pobreza extrema es el indicador mediante el cual se mide el porcentaje de la poblaci\u00f3n que tiene un ingreso per c\u00e1pita del hogar por debajo de la l\u00ednea de pobreza extrema. El comportamiento de C\u00facuta y el \u00c1rea Metropolitana, frente al nacional, estuvo por debajo de la din\u00e1mica nacional para el 2018 por 0,6 puntos porcentuales y para el 2019 estuvo por encima del acumulado nacional por 0,4 puntos porcentuales.<\/p>\n<p>El comportamiento de C\u00facuta AM en referencia a las dem\u00e1s ciudades capitales es similar a los resultados de pobreza monetaria, ocupando el sexto lugar en el 2018 con 7,6% y con un incremento en pobreza extrema para el a\u00f1o 2019 pasando al 5 lugar con un incremento de 2,4% alcanzando un 10%.<\/p>\n<p>A nivel nacional se presenta un incremento de 1,4% en pobreza extrema. extrema. En referencia a C\u00facuta se puede afirmar al sumar las dos categor\u00edas pobreza monetaria y pobreza extrema, que para el 2018 el 48,6 % de la poblaci\u00f3n es pobre y frente al a\u00f1o 2019 se presenta un incremento de 6,9 %, con lo cual el 55,5 % de la poblaci\u00f3n es pobre.<\/p>\n<p>Los datos de pobreza multidimensional para C\u00facuta basados en la fuente censal de 2018, reflejan resultados a\u00fan muy negativos. La tasa de incidencia de la pobreza multidimensional total para C\u00facuta fue del 25,7 %. En las cabeceras del 25,0 % y las zonas rurales del 44,1 %. Tasas que en conjunto son las m\u00e1s altas del Nororiente y las m\u00e1s pronunciadas en comparaci\u00f3n con las ciudades m\u00e1s desarrolladas.<\/p>\n<p>El trabajo informal es donde se presenta la mayor privaci\u00f3n, ostentada en el orden del 87 %. De la misma manera, el bajo logro educativo presenta una alta tasa (46,7 %), cifra que se incrementa en las zonas rurales (71,7 %). Por el contrario, los menores porcentajes de hogares con privaciones son trabajo infantil (1,1 %), barreras a servicios para cuidado de la primera infancia (2,2 %) y material inadecuado de pisos (3,6 %).<\/p>\n","protected":false},"excerpt":{"rendered":"<p>C\u00facuta y el \u00c1rea Metropolitana, para el 2018, ocuparon el quinto lugar entre las ciudades capitales de departamento en la medici\u00f3n de la pobreza\u00a0monetaria, con 41 %, y para el 2019 paso al tercer lugar con el 45,5 % de incidencia sobre la poblaci\u00f3n. Los datos est\u00e1n contenidos en el informe C\u00facuta como vamos, revelado &hellip;<\/p>\n","protected":false},"author":1,"featured_media":36802,"comment_status":"open","ping_status":"open","sticky":false,"template":"","format":"standard","meta":{"footnotes":""},"categories":[4,6],"tags":[4139,1909],"class_list":["post-36801","post","type-post","status-publish","format-standard","has-post-thumbnail","hentry","category-barra","category-ojo-avizor","tag-pobreza-en-cucuta","tag-cucuta-como-vamos"],"_links":{"self":[{"href":"https:\/\/contraluzcucuta.co\/index.php?rest_route=\/wp\/v2\/posts\/36801","targetHints":{"allow":["GET"]}}],"collection":[{"href":"https:\/\/contraluzcucuta.co\/index.php?rest_route=\/wp\/v2\/posts"}],"about":[{"href":"https:\/\/contraluzcucuta.co\/index.php?rest_route=\/wp\/v2\/types\/post"}],"author":[{"embeddable":true,"href":"https:\/\/contraluzcucuta.co\/index.php?rest_route=\/wp\/v2\/users\/1"}],"replies":[{"embeddable":true,"href":"https:\/\/contraluzcucuta.co\/index.php?rest_route=%2Fwp%2Fv2%2Fcomments&post=36801"}],"version-history":[{"count":1,"href":"https:\/\/contraluzcucuta.co\/index.php?rest_route=\/wp\/v2\/posts\/36801\/revisions"}],"predecessor-version":[{"id":36803,"href":"https:\/\/contraluzcucuta.co\/index.php?rest_route=\/wp\/v2\/posts\/36801\/revisions\/36803"}],"wp:featuredmedia":[{"embeddable":true,"href":"https:\/\/contraluzcucuta.co\/index.php?rest_route=\/wp\/v2\/media\/36802"}],"wp:attachment":[{"href":"https:\/\/contraluzcucuta.co\/index.php?rest_route=%2Fwp%2Fv2%2Fmedia&parent=36801"}],"wp:term":[{"taxonomy":"category","embeddable":true,"href":"https:\/\/contraluzcucuta.co\/index.php?rest_route=%2Fwp%2Fv2%2Fcategories&post=36801"},{"taxonomy":"post_tag","embeddable":true,"href":"https:\/\/contraluzcucuta.co\/index.php?rest_route=%2Fwp%2Fv2%2Ftags&post=36801"}],"curies":[{"name":"wp","href":"https:\/\/api.w.org\/{rel}","templated":true}]}}