{"id":36791,"date":"2021-04-09T12:07:50","date_gmt":"2021-04-09T17:07:50","guid":{"rendered":"http:\/\/contraluzcucuta.co\/?p=36791"},"modified":"2021-04-09T12:07:50","modified_gmt":"2021-04-09T17:07:50","slug":"desarrollo-rural-adr-apoya-a-69-familias-campesinas-de-norte-de-santander-%e2%80%8b","status":"publish","type":"post","link":"https:\/\/contraluzcucuta.co\/?p=36791","title":{"rendered":"DESARROLLO RURAL. ADR apoya a 69 familias campesinas de Norte de Santander           \u200b"},"content":{"rendered":"<p style=\"padding-left: 40px; text-align: right;\"><strong><span style=\"color: #ff9900;\">C\u00c1CHIRA &#8211; (Norte de Santander).- La Agencia de Desarrollo Rural cofinancia un proyecto por m\u00e1s de $ 700 millones para fortalecer el encadenamiento productivo de 69 familias de la regi\u00f3n occidental del departamento. Los beneficiados est\u00e1n dedicados a los cultivos de frijol, mora, c\u00edtricos, aguacate, maracuy\u00e1, mango tommy, cacao, piment\u00f3n y tomate de invernadero.\u00a0<\/span><\/strong><\/p>\n<p>\u201cNos sentimos orgullos de aportar al desarrollo agr\u00edcola de la regi\u00f3n nortesantandereana y sobre todo resaltamos esa importancia de generar encadenamientos productivos para nuestros peque\u00f1os y medianos productores\u201d, expres\u00f3 Huber Dar\u00edo S\u00e1nchez, director de la Unidad T\u00e9cnica Territorial \u2013 ADR.<\/p>\n<p>La ADR entreg\u00f3 un veh\u00edculo con capacidad para 5,5 toneladas, de carrocer\u00eda estaca mixta especial, con carpa, y otro con capacidad de 2,9 toneladas, con furg\u00f3n isot\u00e9rmico. Son $300 millones en activos productivos que les permitir\u00e1n a los campesinos transportar los productos a los mercados donde se ubican los aliados comerciales con la calidad y en las condiciones exigidas.<\/p>\n<p>&#8220;Es importante que la ADR nos haya apoyado en este proyecto del cami\u00f3n, porque nos va a mejorar la calidad de vida. Vamos a tener mucha m\u00e1s rentabilidad en nuestra econom\u00eda, no solamente de mi familia, sino de las dem\u00e1s familias asociadas&#8221;, expres\u00f3 Alirio Alfonso Silva, representante Legal de Acifruc.<\/p>\n","protected":false},"excerpt":{"rendered":"<p>C\u00c1CHIRA &#8211; (Norte de Santander).- La Agencia de Desarrollo Rural cofinancia un proyecto por m\u00e1s de $ 700 millones para fortalecer el encadenamiento productivo de 69 familias de la regi\u00f3n occidental del departamento. Los beneficiados est\u00e1n dedicados a los cultivos de frijol, mora, c\u00edtricos, aguacate, maracuy\u00e1, mango tommy, cacao, piment\u00f3n y tomate de invernadero.\u00a0 \u201cNos &hellip;<\/p>\n","protected":false},"author":1,"featured_media":36792,"comment_status":"open","ping_status":"open","sticky":false,"template":"","format":"standard","meta":{"footnotes":""},"categories":[4,32],"tags":[5163,5051,22,2040],"class_list":["post-36791","post","type-post","status-publish","format-standard","has-post-thumbnail","hentry","category-barra","category-recorrido-por-la-region","tag-acifruc","tag-adr","tag-campesinos","tag-desarrollo-rural-en-colombia"],"_links":{"self":[{"href":"https:\/\/contraluzcucuta.co\/index.php?rest_route=\/wp\/v2\/posts\/36791","targetHints":{"allow":["GET"]}}],"collection":[{"href":"https:\/\/contraluzcucuta.co\/index.php?rest_route=\/wp\/v2\/posts"}],"about":[{"href":"https:\/\/contraluzcucuta.co\/index.php?rest_route=\/wp\/v2\/types\/post"}],"author":[{"embeddable":true,"href":"https:\/\/contraluzcucuta.co\/index.php?rest_route=\/wp\/v2\/users\/1"}],"replies":[{"embeddable":true,"href":"https:\/\/contraluzcucuta.co\/index.php?rest_route=%2Fwp%2Fv2%2Fcomments&post=36791"}],"version-history":[{"count":1,"href":"https:\/\/contraluzcucuta.co\/index.php?rest_route=\/wp\/v2\/posts\/36791\/revisions"}],"predecessor-version":[{"id":36793,"href":"https:\/\/contraluzcucuta.co\/index.php?rest_route=\/wp\/v2\/posts\/36791\/revisions\/36793"}],"wp:featuredmedia":[{"embeddable":true,"href":"https:\/\/contraluzcucuta.co\/index.php?rest_route=\/wp\/v2\/media\/36792"}],"wp:attachment":[{"href":"https:\/\/contraluzcucuta.co\/index.php?rest_route=%2Fwp%2Fv2%2Fmedia&parent=36791"}],"wp:term":[{"taxonomy":"category","embeddable":true,"href":"https:\/\/contraluzcucuta.co\/index.php?rest_route=%2Fwp%2Fv2%2Fcategories&post=36791"},{"taxonomy":"post_tag","embeddable":true,"href":"https:\/\/contraluzcucuta.co\/index.php?rest_route=%2Fwp%2Fv2%2Ftags&post=36791"}],"curies":[{"name":"wp","href":"https:\/\/api.w.org\/{rel}","templated":true}]}}