{"id":36785,"date":"2021-04-09T11:46:32","date_gmt":"2021-04-09T16:46:32","guid":{"rendered":"http:\/\/contraluzcucuta.co\/?p=36785"},"modified":"2021-04-09T11:47:49","modified_gmt":"2021-04-09T16:47:49","slug":"festivaldelasideas-cucuta-fue-la-quinta-parada","status":"publish","type":"post","link":"https:\/\/contraluzcucuta.co\/?p=36785","title":{"rendered":"#FestivalDeLasIdeas. C\u00facuta fue la quinta parada"},"content":{"rendered":"<p style=\"padding-left: 40px; text-align: right;\"><strong><span style=\"color: #ff9900;\">C\u00daCUTA.- La iniciativa \u2018J\u00f3venes Resilientes\u2019, de la Agencia de Estados Unidos para el Desarrollo Internacional (Usaid) y la ONG ACDI\/VOCA, fue presentada en C\u00facuta. El programa se cre\u00f3 teniendo en cuenta la situaci\u00f3n de los j\u00f3venes en Colombia. El 22,4 % se encuentra desempleado, representa el 44 % de las v\u00edctimas de homicidios en el pa\u00eds y, durante la pandemia, ha sido la mayor v\u00edctima de reclutamiento forzado con incremento del 113 %.\u00a0<\/span><\/strong><\/p>\n<p>Despu\u00e9s del paso por el Caribe, Amazonas y el Pac\u00edfico colombiano, el #FestivalDeLasIdeas estuvo por primera vez en el oriente del pa\u00eds, en la capital nortesantandereana.<\/p>\n<p>\u201cEstoy convencido de la fuerza transformadora que cada joven tiene en su interior. Solo necesita una oportunidad para activarse y comenzar a crear. Eso es lo que buscamos con este programa, crear oportunidades y amplificar sus voces.\u201d, agreg\u00f3 Lawrence J. Sacks, director de Usaid en Colombia.<\/p>\n<p>El programa orientar\u00e1 los esfuerzos a:<\/p>\n<p>1.- Generaci\u00f3n de oportunidades cautivadoras de empleo, emprendimiento, educaci\u00f3n y uso del tiempo libre<\/p>\n<p>2.- Promover la transformaci\u00f3n de espacios p\u00fablicos y digitales en entornos seguros<\/p>\n<p>3.- Construcci\u00f3n de capacidades de resiliencia y habilidades que permitan a los j\u00f3venes agenciar su vida para que se conviertan en actores de cambio positivo en sus territorios.<\/p>\n<p><a href=\"https:\/\/contraluzcucuta.co\/wp-content\/uploads\/2021\/04\/FESTIVAL-DE-LAS-IDEAS-2.jpg\"><img loading=\"lazy\" decoding=\"async\" class=\"alignnone size-medium wp-image-36787\" src=\"https:\/\/contraluzcucuta.co\/wp-content\/uploads\/2021\/04\/FESTIVAL-DE-LAS-IDEAS-2-300x225.jpg\" alt=\"\" width=\"300\" height=\"225\" srcset=\"https:\/\/contraluzcucuta.co\/wp-content\/uploads\/2021\/04\/FESTIVAL-DE-LAS-IDEAS-2-300x225.jpg 300w, https:\/\/contraluzcucuta.co\/wp-content\/uploads\/2021\/04\/FESTIVAL-DE-LAS-IDEAS-2-600x449.jpg 600w, https:\/\/contraluzcucuta.co\/wp-content\/uploads\/2021\/04\/FESTIVAL-DE-LAS-IDEAS-2-1024x766.jpg 1024w, https:\/\/contraluzcucuta.co\/wp-content\/uploads\/2021\/04\/FESTIVAL-DE-LAS-IDEAS-2-768x575.jpg 768w, https:\/\/contraluzcucuta.co\/wp-content\/uploads\/2021\/04\/FESTIVAL-DE-LAS-IDEAS-2.jpg 1280w\" sizes=\"auto, (max-width: 300px) 100vw, 300px\" \/><\/a><\/p>\n<p>Como apuesta de innovaci\u00f3n, el programa ser\u00e1 dise\u00f1ado colaborativamente con\u00a0\u00a0 representantes de los grupos poblacionales, incluidos j\u00f3venes de riesgo terciario, como los pertenecientes al Sistema de Responsabilidad Penal para Adolescentes (SRPA).<\/p>\n<p><a href=\"https:\/\/contraluzcucuta.co\/wp-content\/uploads\/2021\/04\/FESTIVAL-DE-LAS-IDEAS-3.jpg\"><img loading=\"lazy\" decoding=\"async\" class=\"alignnone size-medium wp-image-36788\" src=\"https:\/\/contraluzcucuta.co\/wp-content\/uploads\/2021\/04\/FESTIVAL-DE-LAS-IDEAS-3-300x175.jpg\" alt=\"\" width=\"300\" height=\"175\" srcset=\"https:\/\/contraluzcucuta.co\/wp-content\/uploads\/2021\/04\/FESTIVAL-DE-LAS-IDEAS-3-300x175.jpg 300w, https:\/\/contraluzcucuta.co\/wp-content\/uploads\/2021\/04\/FESTIVAL-DE-LAS-IDEAS-3-600x350.jpg 600w, https:\/\/contraluzcucuta.co\/wp-content\/uploads\/2021\/04\/FESTIVAL-DE-LAS-IDEAS-3-1024x597.jpg 1024w, https:\/\/contraluzcucuta.co\/wp-content\/uploads\/2021\/04\/FESTIVAL-DE-LAS-IDEAS-3-768x448.jpg 768w, https:\/\/contraluzcucuta.co\/wp-content\/uploads\/2021\/04\/FESTIVAL-DE-LAS-IDEAS-3.jpg 1154w\" sizes=\"auto, (max-width: 300px) 100vw, 300px\" \/><\/a><\/p>\n<p>Tambi\u00e9n, focalizar\u00e1 la intervenci\u00f3n en zonas urbanas y rurales de 30 municipios del pa\u00eds en los que el 65,4 % de la poblaci\u00f3n joven vive debajo de la l\u00ednea de pobreza, 57,6 % no tiene empleo formal y 30 % no estudia ni trabaja.<\/p>\n","protected":false},"excerpt":{"rendered":"<p>C\u00daCUTA.- La iniciativa \u2018J\u00f3venes Resilientes\u2019, de la Agencia de Estados Unidos para el Desarrollo Internacional (Usaid) y la ONG ACDI\/VOCA, fue presentada en C\u00facuta. El programa se cre\u00f3 teniendo en cuenta la situaci\u00f3n de los j\u00f3venes en Colombia. El 22,4 % se encuentra desempleado, representa el 44 % de las v\u00edctimas de homicidios en el &hellip;<\/p>\n","protected":false},"author":1,"featured_media":36786,"comment_status":"open","ping_status":"open","sticky":false,"template":"","format":"standard","meta":{"footnotes":""},"categories":[4,36],"tags":[5161,5162,3223],"class_list":["post-36785","post","type-post","status-publish","format-standard","has-post-thumbnail","hentry","category-barra","category-la-voz-del-pueblo","tag-festival-de-las-ideas","tag-ong-acdi-voca","tag-usaid"],"_links":{"self":[{"href":"https:\/\/contraluzcucuta.co\/index.php?rest_route=\/wp\/v2\/posts\/36785","targetHints":{"allow":["GET"]}}],"collection":[{"href":"https:\/\/contraluzcucuta.co\/index.php?rest_route=\/wp\/v2\/posts"}],"about":[{"href":"https:\/\/contraluzcucuta.co\/index.php?rest_route=\/wp\/v2\/types\/post"}],"author":[{"embeddable":true,"href":"https:\/\/contraluzcucuta.co\/index.php?rest_route=\/wp\/v2\/users\/1"}],"replies":[{"embeddable":true,"href":"https:\/\/contraluzcucuta.co\/index.php?rest_route=%2Fwp%2Fv2%2Fcomments&post=36785"}],"version-history":[{"count":2,"href":"https:\/\/contraluzcucuta.co\/index.php?rest_route=\/wp\/v2\/posts\/36785\/revisions"}],"predecessor-version":[{"id":36790,"href":"https:\/\/contraluzcucuta.co\/index.php?rest_route=\/wp\/v2\/posts\/36785\/revisions\/36790"}],"wp:featuredmedia":[{"embeddable":true,"href":"https:\/\/contraluzcucuta.co\/index.php?rest_route=\/wp\/v2\/media\/36786"}],"wp:attachment":[{"href":"https:\/\/contraluzcucuta.co\/index.php?rest_route=%2Fwp%2Fv2%2Fmedia&parent=36785"}],"wp:term":[{"taxonomy":"category","embeddable":true,"href":"https:\/\/contraluzcucuta.co\/index.php?rest_route=%2Fwp%2Fv2%2Fcategories&post=36785"},{"taxonomy":"post_tag","embeddable":true,"href":"https:\/\/contraluzcucuta.co\/index.php?rest_route=%2Fwp%2Fv2%2Ftags&post=36785"}],"curies":[{"name":"wp","href":"https:\/\/api.w.org\/{rel}","templated":true}]}}