{"id":36782,"date":"2021-04-09T11:17:32","date_gmt":"2021-04-09T16:17:32","guid":{"rendered":"http:\/\/contraluzcucuta.co\/?p=36782"},"modified":"2021-04-09T11:17:32","modified_gmt":"2021-04-09T16:17:32","slug":"gestion-institucional-2020-ufps-rector-y-equipo-directivo-presentaron-rendicion-de-cuentas","status":"publish","type":"post","link":"https:\/\/contraluzcucuta.co\/?p=36782","title":{"rendered":"GESTI\u00d3N INSTITUCIONAL 2020 UFPS. \u00a0Rector y equipo directivo presentaron Rendici\u00f3n de Cuentas"},"content":{"rendered":"<p style=\"padding-left: 40px; text-align: right;\"><strong><span style=\"color: #ff9900;\">C\u00daCUTA.- Los avances acad\u00e9micos, investigativos, de extensi\u00f3n, administrativos y de bienestar institucional alcanzados por la UFPS durante el 2020 fueron explicados por el rector H\u00e9ctor Parra y el equipo directivo en la Audiencia P\u00fablica de Rendici\u00f3n de Cuentas. La actividad se cumpli\u00f3 de manera virtual.<\/span><\/strong><\/p>\n<p>Los directivos dieron a conocer los principales resultados del Plan de Desarrollo Institucional (PDI) 2011 \u2013 2019, prorrogado por el Consejo Superior Universitario hasta octubre del 2020, y cuyas metas se cumplieron en dicha vigencia.<\/p>\n<p>Docentes, estudiantes, administrativos, graduados y ciudadan\u00eda participaron en el ejercicio de control social que permiti\u00f3 entregar informaci\u00f3n clara y transparente sobre el panorama institucional respecto al a\u00f1o inmediatamente anterior.<\/p>\n<p>El PDI 2011-2019, reflej\u00f3 el 96 % de ejecuci\u00f3n global de las metas respecto de lo establecido en los tres ejes estrat\u00e9gicos.<\/p>\n<p>La Universidad demostr\u00f3 con hechos durante el 2020 que est\u00e1 comprometida con los procesos de autoevaluaci\u00f3n con fines de Acreditaci\u00f3n de Alta Calidad, respondiendo a los desaf\u00edos de Norte de Santander desde la misi\u00f3n institucional, dijo el rector Parra.<\/p>\n<p><strong>1.- Investigaci\u00f3n<\/strong><\/p>\n<p>El ingeniero Jhan Piero Rojas Su\u00e1rez, vicerrector asistente de investigaci\u00f3n y extensi\u00f3n (gesti\u00f3n 2020), dio a conocer los resultados investigativos:<\/p>\n<ul>\n<li>110 j\u00f3venes investigadores formados con financiaci\u00f3n interna y externa.<\/li>\n<li>50 grupos de Investigaci\u00f3n categorizados.<\/li>\n<li>9 patentes concedidas por la Superintendencia de Industria y Comercio.<\/li>\n<li>6 revistas cient\u00edficas institucionales activas.<\/li>\n<li>809 consultor\u00edas, asistencias t\u00e9cnicas y servicios acad\u00e9micos realizados.<\/li>\n<li>312 proyectos de extensi\u00f3n desarrollados por la Universidad en beneficio de la sociedad.<\/li>\n<\/ul>\n<p><strong>\u00a02.- Acad\u00e9micos<\/strong><\/p>\n<p>Olga Marina Vega Angarita, vicerrectora acad\u00e9mica, mostr\u00f3 los alcances de los procesos acad\u00e9micos.<\/p>\n<ul>\n<li>Un doctorado en Educaci\u00f3n.<\/li>\n<li>8 programas acad\u00e9micos de pregrado acreditados de alta calidad y un programa acad\u00e9mico de posgrado.<\/li>\n<li>Participaci\u00f3n en la primera y segunda fases del Plan Padrino.<\/li>\n<li>Participaci\u00f3n en la convocatoria de \u201cAcompa\u00f1amiento para el Fortalecimiento de los Sistemas Internos de Aseguramiento de la Calidad\u201d, liderada por el Ministerio de Educaci\u00f3n Nacional.<\/li>\n<li>525 docentes tiempo completo y c\u00e1tedra capacitados en Resultados de Aprendizaje de los estudiantes en la contingencia.<\/li>\n<li>3 registros calificados para oferta de nuevos programas de posgrado.<\/li>\n<li>4 registros calificados renovados de programas acad\u00e9micos.<\/li>\n<\/ul>\n<p><strong>3.- Bienestar Institucional<\/strong><\/p>\n<p>Luis Eduardo Trujillo, vicerrector de bienestar universitario, evidenci\u00f3 las actividades formativas y de bienestar que se desarrollaron y ofrecieron a docentes, estudiantes, administrativos y graduados.<\/p>\n<ul>\n<li>Creaci\u00f3n de la Oficina Virtual de Bienestar Universitario para atender a la comunidad universitaria.<\/li>\n<\/ul>\n<p>&#8211;\u00a0\u00a0 337 consultas m\u00e9dicas y telem\u00e9dicas.<\/p>\n<p>&#8211;\u00a0 3434 estudiantes participantes en cursos de formaci\u00f3n integral mediados por las TIC.<\/p>\n<p>&#8211;\u00a0\u00a0 20 programas de bienestar para egresados ejecutados.<\/p>\n<p>&#8211; \u00a0Un portal de la Bolsa de empleo implementado.<\/p>\n<p><strong>4.- Asistente de Estudios<\/strong><\/p>\n<p>Luz Marina Bautista, vicerrectora asistente de estudios, inform\u00f3 sobre la gesti\u00f3n del proceso estudiantil.<\/p>\n<p>&#8211; 6764 estudiantes inscritos y 3474 admitidos en programas de pregrado y posgrado durante la gesti\u00f3n institucional vigencia 2020.<\/p>\n<p>&#8211; 17.824, promedio hist\u00f3rico, de estudiantes matriculados.<\/p>\n<p>&#8211; Desarrollo del Proyecto: \u201cFortalecimiento de las competencias gen\u00e9ricas para las pruebas Saber Pro\u201d.<\/p>\n<p>&#8211; 52 directores de programa y docentes capacitados en competencias gen\u00e9ricas Saber Pro y TyT.<\/p>\n<p>&#8211; 7748 estudiantes presentaron las pruebas Saber Pro y TyT.<\/p>\n<p><strong>5.- Administrativa<\/strong><\/p>\n<p>El ingeniero Jorge S\u00e1nchez, vicerrector administrativo, dio a conocer aspectos de capacitaciones, plataformas y sistemas de informaci\u00f3n.<\/p>\n<ul>\n<li>3813 participantes en las capacitaciones en temas inherentes a la gesti\u00f3n del talento humano<\/li>\n<li>927 profesores capacitados en herramientas TIC.<\/li>\n<li>84 desarrollos de software y plataformas dirigidas al fortalecimiento administrativo y financiero de la instituci\u00f3n.<\/li>\n<li>Implementaci\u00f3n de la facturaci\u00f3n electr\u00f3nica en cumplimiento a la Resoluci\u00f3n No. 000042 de mayo 5 de 2020 de la DIAN.<\/li>\n<\/ul>\n","protected":false},"excerpt":{"rendered":"<p>C\u00daCUTA.- Los avances acad\u00e9micos, investigativos, de extensi\u00f3n, administrativos y de bienestar institucional alcanzados por la UFPS durante el 2020 fueron explicados por el rector H\u00e9ctor Parra y el equipo directivo en la Audiencia P\u00fablica de Rendici\u00f3n de Cuentas. La actividad se cumpli\u00f3 de manera virtual. Los directivos dieron a conocer los principales resultados del Plan &hellip;<\/p>\n","protected":false},"author":1,"featured_media":36783,"comment_status":"open","ping_status":"open","sticky":false,"template":"","format":"standard","meta":{"footnotes":""},"categories":[74,4],"tags":[5160,2120,229],"class_list":["post-36782","post","type-post","status-publish","format-standard","has-post-thumbnail","hentry","category-aula-universitaria","category-barra","tag-gestion-institucional","tag-rendicion-de-cuentas","tag-ufps"],"_links":{"self":[{"href":"https:\/\/contraluzcucuta.co\/index.php?rest_route=\/wp\/v2\/posts\/36782","targetHints":{"allow":["GET"]}}],"collection":[{"href":"https:\/\/contraluzcucuta.co\/index.php?rest_route=\/wp\/v2\/posts"}],"about":[{"href":"https:\/\/contraluzcucuta.co\/index.php?rest_route=\/wp\/v2\/types\/post"}],"author":[{"embeddable":true,"href":"https:\/\/contraluzcucuta.co\/index.php?rest_route=\/wp\/v2\/users\/1"}],"replies":[{"embeddable":true,"href":"https:\/\/contraluzcucuta.co\/index.php?rest_route=%2Fwp%2Fv2%2Fcomments&post=36782"}],"version-history":[{"count":1,"href":"https:\/\/contraluzcucuta.co\/index.php?rest_route=\/wp\/v2\/posts\/36782\/revisions"}],"predecessor-version":[{"id":36784,"href":"https:\/\/contraluzcucuta.co\/index.php?rest_route=\/wp\/v2\/posts\/36782\/revisions\/36784"}],"wp:featuredmedia":[{"embeddable":true,"href":"https:\/\/contraluzcucuta.co\/index.php?rest_route=\/wp\/v2\/media\/36783"}],"wp:attachment":[{"href":"https:\/\/contraluzcucuta.co\/index.php?rest_route=%2Fwp%2Fv2%2Fmedia&parent=36782"}],"wp:term":[{"taxonomy":"category","embeddable":true,"href":"https:\/\/contraluzcucuta.co\/index.php?rest_route=%2Fwp%2Fv2%2Fcategories&post=36782"},{"taxonomy":"post_tag","embeddable":true,"href":"https:\/\/contraluzcucuta.co\/index.php?rest_route=%2Fwp%2Fv2%2Ftags&post=36782"}],"curies":[{"name":"wp","href":"https:\/\/api.w.org\/{rel}","templated":true}]}}