{"id":36669,"date":"2021-02-16T19:23:35","date_gmt":"2021-02-17T00:23:35","guid":{"rendered":"http:\/\/contraluzcucuta.co\/?p=36669"},"modified":"2021-02-16T19:25:03","modified_gmt":"2021-02-17T00:25:03","slug":"regreso-a-clases-comienza-la-alternancia-en-instituciones-educativas-no-oficiales","status":"publish","type":"post","link":"https:\/\/contraluzcucuta.co\/?p=36669","title":{"rendered":"REGRESO A CLASES. Comienza la alternancia en instituciones educativas no oficiales"},"content":{"rendered":"<p style=\"padding-left: 40px; text-align: right;\"><strong><span style=\"color: #ff9900;\">C\u00daCUTA.- Las secretar\u00edas de Educaci\u00f3n y Salud definieron las acciones para el comienzo de clases presenciales bajo la modalidad de alternancia. El Plan de Alternancia Educativa indica que los estudiantes alternar\u00e1n trabajo acad\u00e9mico en casa y en las instituciones educativas.<\/span><\/strong><\/p>\n<p>Las clases presenciales tendr\u00e1n l\u00edmite de 2 a 3 horas, con tiempo para desinfecci\u00f3n de espacios, lavado de manos e higienizaci\u00f3n. El aforo de las aulas depender\u00e1 del tama\u00f1o, procurando el distanciamiento.<\/p>\n<p>La alternancia se aprobar\u00e1 luego de garantizar el cumplimiento del proceso documental exigido por la Secretar\u00eda de Educaci\u00f3n Municipal, que enfatiza dos l\u00edneas claves:<\/p>\n<p>1.- Plan de alternancia<\/p>\n<p>2.- Protocolos de bioseguridad<\/p>\n<p><a href=\"https:\/\/contraluzcucuta.co\/wp-content\/uploads\/2021\/02\/ALTERNANCIA-EDUCATIVA-2.jpg\"><img loading=\"lazy\" decoding=\"async\" class=\"alignnone size-medium wp-image-36672\" src=\"https:\/\/contraluzcucuta.co\/wp-content\/uploads\/2021\/02\/ALTERNANCIA-EDUCATIVA-2-300x169.jpg\" alt=\"\" width=\"300\" height=\"169\" srcset=\"https:\/\/contraluzcucuta.co\/wp-content\/uploads\/2021\/02\/ALTERNANCIA-EDUCATIVA-2-300x169.jpg 300w, https:\/\/contraluzcucuta.co\/wp-content\/uploads\/2021\/02\/ALTERNANCIA-EDUCATIVA-2-600x338.jpg 600w, https:\/\/contraluzcucuta.co\/wp-content\/uploads\/2021\/02\/ALTERNANCIA-EDUCATIVA-2-1024x576.jpg 1024w, https:\/\/contraluzcucuta.co\/wp-content\/uploads\/2021\/02\/ALTERNANCIA-EDUCATIVA-2-768x432.jpg 768w, https:\/\/contraluzcucuta.co\/wp-content\/uploads\/2021\/02\/ALTERNANCIA-EDUCATIVA-2.jpg 1280w\" sizes=\"auto, (max-width: 300px) 100vw, 300px\" \/><\/a><\/p>\n<p>Las instituciones, de manera aut\u00f3noma, han elaborado el proceso de caracterizaci\u00f3n y concertaci\u00f3n con la comunidad educativa para recoger aportes e impresiones sobre el regreso a las aulas. La Secretar\u00eda tiene 31 solicitudes documentales. Luego de la verificaci\u00f3n se proceder\u00e1 con las visitas para la aprobaci\u00f3n a los planteles donde se cumplan los requerimientos m\u00ednimos.<\/p>\n<p>Mientras este proceso se adelanta bajo la debida rigurosidad, los colegios dar\u00e1n cumplimiento al plan de estudios de manera virtual, como se ha hecho hasta el momento.<\/p>\n<p>El kit de herramientas para la toma de decisi\u00f3n en la alternancia y el Plan de Alternancia Educativa fueron presentados al Ministerio de Educaci\u00f3n, a finales del 2020.<\/p>\n<p>La Secretar\u00eda ha desarrollado una gu\u00eda de orientaci\u00f3n que contiene nueve cap\u00edtulos con recomendaciones, formatos y lineamientos frente al ejercicio de participaci\u00f3n ciudadana, pedagog\u00eda y bioseguridad.<\/p>\n<p><a href=\"https:\/\/contraluzcucuta.co\/wp-content\/uploads\/2021\/02\/ALTERNANCIA-EDUCATIVA-3jpg.jpg\"><img loading=\"lazy\" decoding=\"async\" class=\"alignnone size-medium wp-image-36674\" src=\"https:\/\/contraluzcucuta.co\/wp-content\/uploads\/2021\/02\/ALTERNANCIA-EDUCATIVA-3jpg-300x225.jpg\" alt=\"\" width=\"300\" height=\"225\" srcset=\"https:\/\/contraluzcucuta.co\/wp-content\/uploads\/2021\/02\/ALTERNANCIA-EDUCATIVA-3jpg-300x225.jpg 300w, https:\/\/contraluzcucuta.co\/wp-content\/uploads\/2021\/02\/ALTERNANCIA-EDUCATIVA-3jpg-600x450.jpg 600w, https:\/\/contraluzcucuta.co\/wp-content\/uploads\/2021\/02\/ALTERNANCIA-EDUCATIVA-3jpg-768x576.jpg 768w, https:\/\/contraluzcucuta.co\/wp-content\/uploads\/2021\/02\/ALTERNANCIA-EDUCATIVA-3jpg.jpg 1024w\" sizes=\"auto, (max-width: 300px) 100vw, 300px\" \/><\/a><\/p>\n<p>Desde el 1 de febrero est\u00e1 en marcha el a\u00f1o escolar 2021 con trabajo acad\u00e9mico en casa. En enero, se adelant\u00f3 el acompa\u00f1amiento grupal, con 10 reuniones de orientaci\u00f3n por comuna y 30 individuales para las instituciones educativas oficiales y no oficiales.<\/p>\n<p>Se han radicado 31 protocolos para revisi\u00f3n de documentaci\u00f3n, de los cuales 6 se encontraron completos para visita de verificaci\u00f3n y cumplieron con los requisitos para el inicio.<\/p>\n","protected":false},"excerpt":{"rendered":"<p>C\u00daCUTA.- Las secretar\u00edas de Educaci\u00f3n y Salud definieron las acciones para el comienzo de clases presenciales bajo la modalidad de alternancia. El Plan de Alternancia Educativa indica que los estudiantes alternar\u00e1n trabajo acad\u00e9mico en casa y en las instituciones educativas. Las clases presenciales tendr\u00e1n l\u00edmite de 2 a 3 horas, con tiempo para desinfecci\u00f3n de &hellip;<\/p>\n","protected":false},"author":1,"featured_media":36670,"comment_status":"open","ping_status":"open","sticky":false,"template":"","format":"standard","meta":{"footnotes":""},"categories":[2625,4],"tags":[226,5143],"class_list":["post-36669","post","type-post","status-publish","format-standard","has-post-thumbnail","hentry","category-alcaldia-de-cucuta","category-barra","tag-alcaldia-de-cucuta","tag-alternancia-educativa"],"_links":{"self":[{"href":"https:\/\/contraluzcucuta.co\/index.php?rest_route=\/wp\/v2\/posts\/36669","targetHints":{"allow":["GET"]}}],"collection":[{"href":"https:\/\/contraluzcucuta.co\/index.php?rest_route=\/wp\/v2\/posts"}],"about":[{"href":"https:\/\/contraluzcucuta.co\/index.php?rest_route=\/wp\/v2\/types\/post"}],"author":[{"embeddable":true,"href":"https:\/\/contraluzcucuta.co\/index.php?rest_route=\/wp\/v2\/users\/1"}],"replies":[{"embeddable":true,"href":"https:\/\/contraluzcucuta.co\/index.php?rest_route=%2Fwp%2Fv2%2Fcomments&post=36669"}],"version-history":[{"count":3,"href":"https:\/\/contraluzcucuta.co\/index.php?rest_route=\/wp\/v2\/posts\/36669\/revisions"}],"predecessor-version":[{"id":36675,"href":"https:\/\/contraluzcucuta.co\/index.php?rest_route=\/wp\/v2\/posts\/36669\/revisions\/36675"}],"wp:featuredmedia":[{"embeddable":true,"href":"https:\/\/contraluzcucuta.co\/index.php?rest_route=\/wp\/v2\/media\/36670"}],"wp:attachment":[{"href":"https:\/\/contraluzcucuta.co\/index.php?rest_route=%2Fwp%2Fv2%2Fmedia&parent=36669"}],"wp:term":[{"taxonomy":"category","embeddable":true,"href":"https:\/\/contraluzcucuta.co\/index.php?rest_route=%2Fwp%2Fv2%2Fcategories&post=36669"},{"taxonomy":"post_tag","embeddable":true,"href":"https:\/\/contraluzcucuta.co\/index.php?rest_route=%2Fwp%2Fv2%2Ftags&post=36669"}],"curies":[{"name":"wp","href":"https:\/\/api.w.org\/{rel}","templated":true}]}}