{"id":36663,"date":"2021-02-08T20:20:45","date_gmt":"2021-02-09T01:20:45","guid":{"rendered":"http:\/\/contraluzcucuta.co\/?p=36663"},"modified":"2021-02-08T20:20:45","modified_gmt":"2021-02-09T01:20:45","slug":"dia-del-periodista-conversatorio-y-reconocimientos","status":"publish","type":"post","link":"https:\/\/contraluzcucuta.co\/?p=36663","title":{"rendered":"D\u00cdA DEL PERIODISTA. Conversatorio y reconocimientos"},"content":{"rendered":"<p style=\"padding-left: 40px; text-align: right;\"><strong><span style=\"color: #ff9900;\">C\u00daCUTA.- El Circulo de Periodistas y Comunicadores de Norte de Santander y el Colegio nacional de Periodistas, seccional Norte de Santander, celebran este 9 de febrero el D\u00eda Nacional del Periodista con distintos actos en los que participar\u00e1n los afiliados de las dos agremiaciones.<\/span><\/strong><\/p>\n<p>En esta fecha se recuerda que en 1791 circul\u00f3 por primera vez el Papel Peri\u00f3dico de Santa Fe de Bogot\u00e1, publicaci\u00f3n que mantuvo regularidad durante varios a\u00f1os. Fue fundado por el cubano Manuel del Socorro Rodr\u00edguez.<\/p>\n<p>\u2018Periodismo en la frontera: derecho a la informaci\u00f3n\u2019 se titula el conversatorio que organiza el CPC, a partir de las 9:30 de la ma\u00f1ana. En la actividad participar\u00e1n profesionales de Colombia y Venezuela para conceptuar y reflexionar sobre retos, dificultades y prop\u00f3sitos que implica el ejercicio period\u00edstico.<\/p>\n<p>\u201cComo estamos en tiempos de pandemia y el Covid 19 es altamente contagioso, decidimos reunirnos de manera virtual\u201d, se\u00f1ala el comunicado oficial del C\u00edrculo.<\/p>\n<p>El Colegio, con 64 a\u00f1os de historia, participar\u00e1 en la santa misa de Acci\u00f3n de gracias y reconocimiento p\u00f3stumo a periodistas fallecidos. La celebraci\u00f3n eucar\u00edstica ser\u00e1 a las 8:15 de la ma\u00f1ana. En el oficio religioso se recordar\u00e1 a Eduardo Jaimes Mantilla, Gustavo Salazar Carrascal, Alfredo Luis Lobo, Ricardo Ram\u00edrez, Roque Maldonado y Carlos Hern\u00e1ndez Mogoll\u00f3n.<\/p>\n<p>Debido a la pandemia y teniendo en cuenta las prevenciones de bioseguridad la celebraci\u00f3n se cumplir\u00e1 en el hotel Casino Internacional y ser\u00e1 con alternancia.<\/p>\n<p>Luego del saludo de Jonatham Bock, director Ejecutivo para FLIP, se ofrecer\u00e1 la conferencia \u20182021, Bicentenario de efem\u00e9rides de trascendencia para Norte de Santander\u2019, a cargo de Luis Aurelio Contreras Garz\u00f3n. Luego, se entregar\u00e1 el s\u00edmbolo para que Villa del Rosario sea declarada capital de la integraci\u00f3n en Am\u00e9rica.<\/p>\n","protected":false},"excerpt":{"rendered":"<p>C\u00daCUTA.- El Circulo de Periodistas y Comunicadores de Norte de Santander y el Colegio nacional de Periodistas, seccional Norte de Santander, celebran este 9 de febrero el D\u00eda Nacional del Periodista con distintos actos en los que participar\u00e1n los afiliados de las dos agremiaciones. En esta fecha se recuerda que en 1791 circul\u00f3 por primera &hellip;<\/p>\n","protected":false},"author":1,"featured_media":36664,"comment_status":"open","ping_status":"open","sticky":false,"template":"","format":"standard","meta":{"footnotes":""},"categories":[45,4],"tags":[857,4451,2042],"class_list":["post-36663","post","type-post","status-publish","format-standard","has-post-thumbnail","hentry","category-destacado","category-barra","tag-cnp","tag-cpc","tag-dia-del-periodista-en-colombia"],"_links":{"self":[{"href":"https:\/\/contraluzcucuta.co\/index.php?rest_route=\/wp\/v2\/posts\/36663","targetHints":{"allow":["GET"]}}],"collection":[{"href":"https:\/\/contraluzcucuta.co\/index.php?rest_route=\/wp\/v2\/posts"}],"about":[{"href":"https:\/\/contraluzcucuta.co\/index.php?rest_route=\/wp\/v2\/types\/post"}],"author":[{"embeddable":true,"href":"https:\/\/contraluzcucuta.co\/index.php?rest_route=\/wp\/v2\/users\/1"}],"replies":[{"embeddable":true,"href":"https:\/\/contraluzcucuta.co\/index.php?rest_route=%2Fwp%2Fv2%2Fcomments&post=36663"}],"version-history":[{"count":1,"href":"https:\/\/contraluzcucuta.co\/index.php?rest_route=\/wp\/v2\/posts\/36663\/revisions"}],"predecessor-version":[{"id":36665,"href":"https:\/\/contraluzcucuta.co\/index.php?rest_route=\/wp\/v2\/posts\/36663\/revisions\/36665"}],"wp:featuredmedia":[{"embeddable":true,"href":"https:\/\/contraluzcucuta.co\/index.php?rest_route=\/wp\/v2\/media\/36664"}],"wp:attachment":[{"href":"https:\/\/contraluzcucuta.co\/index.php?rest_route=%2Fwp%2Fv2%2Fmedia&parent=36663"}],"wp:term":[{"taxonomy":"category","embeddable":true,"href":"https:\/\/contraluzcucuta.co\/index.php?rest_route=%2Fwp%2Fv2%2Fcategories&post=36663"},{"taxonomy":"post_tag","embeddable":true,"href":"https:\/\/contraluzcucuta.co\/index.php?rest_route=%2Fwp%2Fv2%2Ftags&post=36663"}],"curies":[{"name":"wp","href":"https:\/\/api.w.org\/{rel}","templated":true}]}}