{"id":36613,"date":"2021-01-25T15:16:45","date_gmt":"2021-01-25T20:16:45","guid":{"rendered":"http:\/\/contraluzcucuta.co\/?p=36613"},"modified":"2021-01-25T15:16:45","modified_gmt":"2021-01-25T20:16:45","slug":"procuraduria-general-anthoc-cucuta-pide-asumir-investigacion-a-exgerente-ramirez-montoya","status":"publish","type":"post","link":"https:\/\/contraluzcucuta.co\/?p=36613","title":{"rendered":"PROCURADUR\u00cdA GENERAL. Anthoc C\u00facuta pide asumir investigaci\u00f3n a exgerente Ram\u00edrez Montoya"},"content":{"rendered":"<p style=\"padding-left: 40px; text-align: right;\"><strong><span style=\"color: #ff9900;\">C\u00daCUTA.- La Asociaci\u00f3n Nacional Sindical de Trabajadores y Servidores P\u00fablicos de la Salud y Seguridad Social Integral y Servidores Complementarios de Colombia (Anthoc), subdirectiva municipal C\u00facuta, envi\u00f3 una misiva la procuradora Margarita Cabello Blanco solicit\u00e1ndole que ordene y efect\u00fae auditoria a las quejas instauradas, procesos e investigaciones iniciadas contra Juan Agust\u00edn Ram\u00edrez Montoya, que cursan en la Procuradur\u00eda Regional de Norte de Santander, para que se le d\u00e9 el tramite \u00e1gil, transparente y ajustado a la ley.<\/span><\/strong><\/p>\n<p>\u201cNuestra esperanza de ganarle la lucha a la corrupci\u00f3n, es que usted como nueva Procuradora General, atienda nuestras solicitudes, asuma en consecuencia a lo dicho por usted el d\u00eda de su posici\u00f3n, una conducta imparcial y dr\u00e1stica, haga justicia en beneficio del Estado y en contra de aquellos servidores p\u00fablicos que dilapidan los recursos p\u00fablicos\u201d, se\u00f1ala el documento.<\/p>\n<p>Anthoc le pide que asuma las quejas y los procesos disciplinarios que se tramitan en la Procuradur\u00eda Regional contra el exgerente del hospital Universitario Erasmo Meoz y hoy gerente de Imsalud.<\/p>\n<p><strong>PETICIONES<\/strong><\/p>\n<p>1.- Como Procuradora General de la Naci\u00f3n le solicitamos respetuosamente, ordene y realice auditoria a todas las quejas instauradas, procesos e investigaciones iniciadas contra el Dr. Juan Agust\u00edn Ram\u00edrez Montoya existentes en la Procuradur\u00eda Regional de Norte de Santander, para que se le d\u00e9 el tramite \u00e1gil, transparente y ajustado a la ley a todos ellos.<\/p>\n<p>2.- Haga revisi\u00f3n a aquellos procesos contra el Dr. Juan Agust\u00edn Ram\u00edrez Montoya que fueron archivados, pues presumimos que, adem\u00e1s de hab\u00e9rsele vulnerado el debido proceso al quejoso al no notificarle dicha decisi\u00f3n para que \u00e9ste hiciera uso de su derecho a impugnar, presumimos que en ellos (los procesos archivados) se actu\u00f3 en contra de ley y en beneficio ilegal a favor del denunciado, contrariando los principios de transparencia, honestidad y eficacia que tiene o debe tener el ente de control.<\/p>\n<p>3.- Se haga una nueva valoraci\u00f3n en segunda instancia al fallo de suspensi\u00f3n ordenado por la procuradur\u00eda General al caso del Expediente No. IUS-E2020- 200403-IUC-D-2020-1495573 del Dr. Juan Agust\u00edn Ram\u00edrez Montoya, y se aplique la calificaci\u00f3n real, acorde a la comisi\u00f3n de la conducta y ajustada a la norma, la cual debe ser de falta grav\u00edsima, y se proceda en consecuencia.<\/p>\n<p>4.- Se remueva del cargo al actual Procurador Regional de Norte de Santander Dr. Libardo \u00c1lvarez Garc\u00eda, por haber demostrado negligencia en torno a las denuncias existentes en contra del Dr. Juan Agust\u00edn Ram\u00edrez Montoya.<\/p>\n<p>5.- Se remueva del cargo a la Dra. Mar\u00eda Margarita Eslava D\u00edaz, procuradora provincial de C\u00facuta, otra funcionaria que no ha demostrado imparcialidad, celeridad y transparencia frente a quejas que esta organizaci\u00f3n sindical ha formulado contra algunos funcionarios de la E.S.E. Imsalud, como es el caso de la queja formulada en contra de la Dra. Elizabeth Delgado Rond\u00f3n, por presunta participaci\u00f3n en pol\u00edtica en las campa\u00f1as a alcald\u00eda, consejos y gobernaci\u00f3n realizadas en el a\u00f1o 2019, cuando ella ocupaba el cargo de jefe de personal de Imsalud, de mencionada queja habiendo transcurrido m\u00e1s de un a\u00f1o de formulada, como quejosos nada hemos sabido, no nos han llamado a ampliaci\u00f3n de queja, ni sabemos si realmente existi\u00f3 alg\u00fan proceso o si ya fue archivada la queja, violando el debido proceso a nuestra organizaci\u00f3n sindical como quejoso.<\/p>\n<p>6.- Se aperture investigaci\u00f3n disciplinaria en contra de aquellos funcionarios de la Procuradur\u00eda Regional de Norte de Santander, a quienes se les asignaron los casos y son responsables de adelantar la investigaci\u00f3n y sustanciaci\u00f3n de las<\/p>\n<p>quejas y procesos disciplinarios en contra del Dr. Juan Agust\u00edn Ram\u00edrez<\/p>\n<p>Montoya, y que por causas que desconocemos han provocado el estancamiento de esos procesos, permitiendo que exista la impunidad de las conductas denunciadas y de sus efectos en contra del patrimonio de la naci\u00f3n, y de encontrarse responsabilidad disciplinaria sean sancionados de acuerdo al grado de responsabilidad y conducta en concordancia con la ley disciplinaria.<\/p>\n","protected":false},"excerpt":{"rendered":"<p>C\u00daCUTA.- La Asociaci\u00f3n Nacional Sindical de Trabajadores y Servidores P\u00fablicos de la Salud y Seguridad Social Integral y Servidores Complementarios de Colombia (Anthoc), subdirectiva municipal C\u00facuta, envi\u00f3 una misiva la procuradora Margarita Cabello Blanco solicit\u00e1ndole que ordene y efect\u00fae auditoria a las quejas instauradas, procesos e investigaciones iniciadas contra Juan Agust\u00edn Ram\u00edrez Montoya, que cursan &hellip;<\/p>\n","protected":false},"author":1,"featured_media":36614,"comment_status":"open","ping_status":"open","sticky":false,"template":"","format":"standard","meta":{"footnotes":""},"categories":[11,4],"tags":[5134,836,5133,348],"class_list":["post-36613","post","type-post","status-publish","format-standard","has-post-thumbnail","hentry","category-cronica-roja","category-barra","tag-anthoc","tag-hospital-erasmo-meoz","tag-margarita-cabello","tag-procuraduria-general-de-la-nacion"],"_links":{"self":[{"href":"https:\/\/contraluzcucuta.co\/index.php?rest_route=\/wp\/v2\/posts\/36613","targetHints":{"allow":["GET"]}}],"collection":[{"href":"https:\/\/contraluzcucuta.co\/index.php?rest_route=\/wp\/v2\/posts"}],"about":[{"href":"https:\/\/contraluzcucuta.co\/index.php?rest_route=\/wp\/v2\/types\/post"}],"author":[{"embeddable":true,"href":"https:\/\/contraluzcucuta.co\/index.php?rest_route=\/wp\/v2\/users\/1"}],"replies":[{"embeddable":true,"href":"https:\/\/contraluzcucuta.co\/index.php?rest_route=%2Fwp%2Fv2%2Fcomments&post=36613"}],"version-history":[{"count":1,"href":"https:\/\/contraluzcucuta.co\/index.php?rest_route=\/wp\/v2\/posts\/36613\/revisions"}],"predecessor-version":[{"id":36615,"href":"https:\/\/contraluzcucuta.co\/index.php?rest_route=\/wp\/v2\/posts\/36613\/revisions\/36615"}],"wp:featuredmedia":[{"embeddable":true,"href":"https:\/\/contraluzcucuta.co\/index.php?rest_route=\/wp\/v2\/media\/36614"}],"wp:attachment":[{"href":"https:\/\/contraluzcucuta.co\/index.php?rest_route=%2Fwp%2Fv2%2Fmedia&parent=36613"}],"wp:term":[{"taxonomy":"category","embeddable":true,"href":"https:\/\/contraluzcucuta.co\/index.php?rest_route=%2Fwp%2Fv2%2Fcategories&post=36613"},{"taxonomy":"post_tag","embeddable":true,"href":"https:\/\/contraluzcucuta.co\/index.php?rest_route=%2Fwp%2Fv2%2Ftags&post=36613"}],"curies":[{"name":"wp","href":"https:\/\/api.w.org\/{rel}","templated":true}]}}