{"id":36607,"date":"2021-01-21T14:13:46","date_gmt":"2021-01-21T19:13:46","guid":{"rendered":"http:\/\/contraluzcucuta.co\/?p=36607"},"modified":"2021-01-21T14:13:46","modified_gmt":"2021-01-21T19:13:46","slug":"museo-de-la-migracion-espacio-para-compartir-piezas-artisticas-elaboradas-por-migrantes","status":"publish","type":"post","link":"https:\/\/contraluzcucuta.co\/?p=36607","title":{"rendered":"MUSEO DE LA MIGRACI\u00d3N. Espacio para compartir piezas art\u00edsticas elaboradas por migrantes"},"content":{"rendered":"<p style=\"padding-left: 40px; text-align: right;\"><strong><span style=\"color: #ff9900;\">El Museo de la Migraci\u00f3n, liderado por la Corporaci\u00f3n Reconciliaci\u00f3n Colombia CRC y la Fundaci\u00f3n Comparte por una Vida Colombia, permitir\u00e1 el compartir piezas art\u00edsticas elaboradas por migrantes en Norte de Santander. El fin es mostrar que la migraci\u00f3n es un proceso que existe y enriquece las pr\u00e1cticas sociales, culturales y econ\u00f3micas de todo un territorio.<\/span><\/strong><\/p>\n<p>La construcci\u00f3n de las colecciones que componen el Museo virtual fue dirigida por la artista Ana Mar\u00eda Montenegro, autora de las obras Todos los artistas son fronterizos, Nunca decir nunca, <em>The Walk<\/em>, entre otras.<\/p>\n<p>La iniciativa es apoyada por el Programa de Alianzas para la Reconciliaci\u00f3n de USAID y ACDI\/VOCA. Al igual que la campa\u00f1a Rompiendo Fronteras de la Fundaci\u00f3n El Pilar.<\/p>\n<p>El visitante al Museo encontrar\u00e1 dibujos, relatos, fotograf\u00edas, audios y experiencias sobre la vida de un migrante venezolano en territorio colombiano. Adem\u00e1s de ejercicios y preguntas para reflexionar sobre la percepci\u00f3n de la migraci\u00f3n.<\/p>\n<p>La Fundaci\u00f3n El Pilar entregar\u00e1 los resultados del proyecto \u201cRompiendo Fronteras, somos parte de la soluci\u00f3n\u201d en el que aplic\u00f3 el test \u00bfxenofobia o aporofobia?\u00a0 para identificar y determinar el comportamiento social de la poblaci\u00f3n colombiana arraigada en la zona de frontera con el pa\u00eds hermano. Los departamentos que participaron en el proyecto y en la medici\u00f3n son Norte de Santander, Arauca y La Guajira.<\/p>\n<p>Los resultados generales del test, respondido por m\u00e1s de 500 personas en los tres departamentos fronterizos, arrojaron que estos ciudadanos est\u00e1n en proceso de transici\u00f3n hacia la inclusi\u00f3n de la migraci\u00f3n: El 44 % de la poblaci\u00f3n est\u00e1 en proceso de transici\u00f3n; el 37 % es incluyente; el 14 % es xen\u00f3fobo y el 5% es aporof\u00f3bico.<\/p>\n<p>#ColombiaSinFronteras ser\u00e1 la etiqueta que articular\u00e1 estas acciones en pro de la integraci\u00f3n y la inclusi\u00f3n de poblaci\u00f3n migrante venezolana en Colombia.<\/p>\n","protected":false},"excerpt":{"rendered":"<p>El Museo de la Migraci\u00f3n, liderado por la Corporaci\u00f3n Reconciliaci\u00f3n Colombia CRC y la Fundaci\u00f3n Comparte por una Vida Colombia, permitir\u00e1 el compartir piezas art\u00edsticas elaboradas por migrantes en Norte de Santander. El fin es mostrar que la migraci\u00f3n es un proceso que existe y enriquece las pr\u00e1cticas sociales, culturales y econ\u00f3micas de todo un &hellip;<\/p>\n","protected":false},"author":1,"featured_media":36608,"comment_status":"open","ping_status":"open","sticky":false,"template":"","format":"standard","meta":{"footnotes":""},"categories":[4,37],"tags":[3108,5132],"class_list":["post-36607","post","type-post","status-publish","format-standard","has-post-thumbnail","hentry","category-barra","category-paseo-cultural","tag-migrantes-en-la-frontera","tag-museo-de-la-migracion"],"_links":{"self":[{"href":"https:\/\/contraluzcucuta.co\/index.php?rest_route=\/wp\/v2\/posts\/36607","targetHints":{"allow":["GET"]}}],"collection":[{"href":"https:\/\/contraluzcucuta.co\/index.php?rest_route=\/wp\/v2\/posts"}],"about":[{"href":"https:\/\/contraluzcucuta.co\/index.php?rest_route=\/wp\/v2\/types\/post"}],"author":[{"embeddable":true,"href":"https:\/\/contraluzcucuta.co\/index.php?rest_route=\/wp\/v2\/users\/1"}],"replies":[{"embeddable":true,"href":"https:\/\/contraluzcucuta.co\/index.php?rest_route=%2Fwp%2Fv2%2Fcomments&post=36607"}],"version-history":[{"count":1,"href":"https:\/\/contraluzcucuta.co\/index.php?rest_route=\/wp\/v2\/posts\/36607\/revisions"}],"predecessor-version":[{"id":36609,"href":"https:\/\/contraluzcucuta.co\/index.php?rest_route=\/wp\/v2\/posts\/36607\/revisions\/36609"}],"wp:featuredmedia":[{"embeddable":true,"href":"https:\/\/contraluzcucuta.co\/index.php?rest_route=\/wp\/v2\/media\/36608"}],"wp:attachment":[{"href":"https:\/\/contraluzcucuta.co\/index.php?rest_route=%2Fwp%2Fv2%2Fmedia&parent=36607"}],"wp:term":[{"taxonomy":"category","embeddable":true,"href":"https:\/\/contraluzcucuta.co\/index.php?rest_route=%2Fwp%2Fv2%2Fcategories&post=36607"},{"taxonomy":"post_tag","embeddable":true,"href":"https:\/\/contraluzcucuta.co\/index.php?rest_route=%2Fwp%2Fv2%2Ftags&post=36607"}],"curies":[{"name":"wp","href":"https:\/\/api.w.org\/{rel}","templated":true}]}}