{"id":36604,"date":"2021-01-21T13:49:04","date_gmt":"2021-01-21T18:49:04","guid":{"rendered":"http:\/\/contraluzcucuta.co\/?p=36604"},"modified":"2021-01-21T13:49:04","modified_gmt":"2021-01-21T18:49:04","slug":"minuto-de-dios-se-solicitara-al-vaticano-la-beatificacion-del-padre-rafael-garcia-herreros","status":"publish","type":"post","link":"https:\/\/contraluzcucuta.co\/?p=36604","title":{"rendered":"MINUTO DE DIOS. Se solicitar\u00e1 al Vaticano la beatificaci\u00f3n del padre Rafael Garc\u00eda Herreros"},"content":{"rendered":"<p style=\"padding-left: 40px; text-align: right;\"><strong><span style=\"color: #ff9900;\">BOGOT\u00c1.- Cuando el 17 de enero se cumplieron 112 a\u00f1os del nacimiento del sacerdote eudista Rafael Garc\u00eda Herreros, fundador de El Minuto de Dios, el Provincial de los Eudistas en El Minuto de Dios anunci\u00f3 que la Congregaci\u00f3n para las Causas de los Santos acept\u00f3 a Silvia Correale como postuladora de la beatificaci\u00f3n del Siervo de Dios Rafael Garc\u00eda Herreros.<\/span><\/strong><\/p>\n<p>El padre Camilo Bernal, superior provincial, inform\u00f3 que fue fundamental el apoyo del Embajador de Colombia ante la Santa Sede, Jorge Mario Eastman Robledo, para dar continuidad al proceso, iniciado en Colombia en 2013. La \u201cfase diocesana\u201d culmin\u00f3 en 2018 y con esa decisi\u00f3n comenzar\u00e1 la \u201cfase romana\u201d de la Causa.<\/p>\n<p>La Congregaci\u00f3n de Jes\u00fas y Mar\u00eda (Eudistas) a la que pertenece el fundador de El Minuto de Dios, ha animado y apoyado el proceso a lo largo de los a\u00f1os. La Provincia dio cada paso en consulta con la Administraci\u00f3n General de los Eudistas y con el Obispo de Engativ\u00e1. El Superior General nombr\u00f3 a la postuladora Silvia Correale y al vicepostulador padre Iv\u00e1n D\u00edaz. El procurador de los Eudistas en Roma, padre Gerson Mora, adelant\u00f3 las gestiones con el Embajador ante la Santa Sede.<\/p>\n<p>El padre Garc\u00eda Herreros, nacido en C\u00facuta el 17 de enero de 1909 y fallecido en Bogot\u00e1 el 24 de noviembre de 1992, dedic\u00f3 los primeros 20 a\u00f1os de vida sacerdotal a ser formador de sacerdotes. Esta actividad es propia de la comunidad religiosa. El resto de la existencia lo ocup\u00f3 en el servicio a los pobres, el desarrollo social y la construcci\u00f3n de la paz.<\/p>\n<p>La obra emblem\u00e1tica El Minuto de Dios, los mensajes en el programa de televisi\u00f3n, ense\u00f1anzas y escritos, contenidos en 33 vol\u00famenes, y el Museo Rafael Garc\u00eda Herreros dan cuenta de por qu\u00e9 la Iglesia Cat\u00f3lica estar\u00eda interesada en proponerlo como ejemplo para los colombianos y los cristianos del mundo.<\/p>\n<p>El superior general de los Eudistas, padre Jean Michel Amouriaux, destac\u00f3 el proceso de beatificaci\u00f3n como \u201cmuy significativo\u201d para los Eudistas, cuyas Constituciones establecen que la comunidad sea \u201cuna escuela de santidad para quienes llegan\u201d. Expres\u00f3 que el Siervo de Dios \u201cno busc\u00f3 el \u00e9xito, el dinero, el poder, sino la gloria de Dios, el servicio a los pobres y el cumplimiento de la misi\u00f3n de la Congregaci\u00f3n\u201d.<\/p>\n<p>Dijo que Garc\u00eda Herreros es modelo que los invita a permanecer en una vida evang\u00e9lica de humildad, sobriedad y servicio. \u201cEstas son cualidades del Siervo de Dios, tan \u00fatiles para todos aquellos que revindiquen su herencia\u201d (Carta a la Provincia Minuto de Dios, agosto 2019).<\/p>\n<p>El padre Diego Jaramillo, sucesor del padre Garc\u00eda Herreros al frente de la obra se expres\u00f3 as\u00ed en el programa de televisi\u00f3n: \u201cEn El Minuto de Dios recordamos permanentemente al padre Rafael Garc\u00eda Herreros, y de modo especial lo hacemos el 17 de enero, cuando recordamos su natalicio\u201d.<\/p>\n<p>Garc\u00eda Herreros fue inspirador de la obra social y evangelizadora que llevada a cabo. Predic\u00f3 siempre a Jesucristo, camino que conduce a Dios. Insisti\u00f3 en trabajar en la Renovaci\u00f3n espiritual de la Iglesia y en manifestar el amor fraterno, sobre todo a los pobres.<\/p>\n<p>\u201cHoy, le suplicamos a Dios que, en un futuro no lejano, la vida y el testimonio del padre Garc\u00eda Herreros sean reconocidos por la Iglesia y presentados al pueblo cristiano como ejemplo de fe y de compromiso social\u201d.<\/p>\n<p>El padre Iv\u00e1n D\u00edaz, vicepostulador, explic\u00f3 que el proceso can\u00f3nico tiene dos fases: la diocesana y la romana. \u201cSe re\u00fane las pruebas que permitir\u00e1n tener la certeza moral acerca de la pureza e integridad de vida del Siervo de Dios, c\u00f3mo \u00e9ste practic\u00f3 en grado heroico las virtudes teologales (fe, esperanza y caridad), las virtudes cardinales (prudencia, fortaleza, justicia y templanza) y las obligaciones evang\u00e9licas (castidad, obediencia y pobreza), todo lo cual configura la fama de santidad del Siervo de Dios. Al igual que se demostrar\u00e1 c\u00f3mo algunos fieles han recibido de Dios gracias y favores por la intercesi\u00f3n del Siervo de Dios (lo cual se conoce como fama <em>signorum<\/em>)\u201d.<\/p>\n<p><strong>Sobre la postuladora<\/strong><\/p>\n<p>Silvia M\u00f3nica Correale, abogada argentina y doctora en derecho can\u00f3nico, fue una de las primeras mujeres aceptadas como postuladoras de causas ante la Congregaci\u00f3n para las Causas de los Santos, servicio al que se vincul\u00f3 a partir de 1992. Fue la postuladora de la causa de canonizaci\u00f3n de la primera santa colombiana, la Madre Laura Montoya. En 2013, visit\u00f3 El Minuto de Dios para conocer, de primera mano, testimonios sobre el fundador de esta Obra.<\/p>\n<p><strong>El proceso de beatificaci\u00f3n<\/strong><\/p>\n<p><strong>Comienzo del siglo XXI<\/strong>: el padre Diego Jaramillo compil\u00f3 y public\u00f3 en 33 vol\u00famenes los Minutos de Dios y otros escritos del padre Rafael Garc\u00eda Herreros.<\/p>\n<p><strong>2010:<\/strong> Se cre\u00f3 el Museo Rafael Garc\u00eda Herreros para preservar la memoria del Siervo de Dios Rafael Garc\u00eda Herreros.<\/p>\n<p><strong>2012:<\/strong> La Comunidad Eudista de El Minuto de Dios consult\u00f3 a la Administraci\u00f3n General de la Congregaci\u00f3n de Jes\u00fas y Mar\u00eda sobre la pertinencia de iniciar el proceso de beatificaci\u00f3n y canonizaci\u00f3n. Con la autorizaci\u00f3n, consult\u00f3 al obispo de Engativ\u00e1, monse\u00f1or H\u00e9ctor Guti\u00e9rrez sobre la posibilidad de introducir la Causa de Beatificaci\u00f3n. El Obispo dio el parecer positivo.<\/p>\n<p><strong>2013:<\/strong>\u00a0\u00a0 La Conferencia de Obispos de Colombia aprob\u00f3 iniciar la Causa. El Superior General de los Eudistas nombr\u00f3 como postuladora a Silvia Correale, quien present\u00f3 al Obispo de Engativ\u00e1 el <em>Suplex libellus<\/em>, documento oficial de introducci\u00f3n de la Causa. El Obispo de Engativ\u00e1 solicit\u00f3 a la Congregaci\u00f3n para las Causas de los Santos saber si en los Dicasterios de la Curia Romana habr\u00eda alg\u00fan obst\u00e1culo para proceder con la Causa. La Congregaci\u00f3n indic\u00f3 que no, es decir, dio el <em>Nihil obstat<\/em>. Se nombr\u00f3 en Bogot\u00e1 la comisi\u00f3n de historiadores encargada de la contextualizaci\u00f3n hist\u00f3rica de la \u00e9poca del Siervo de Dios.<\/p>\n<p><strong>2014:<\/strong>\u00a0\u00a0 El Superior General de los Eudistas nombr\u00f3 al padre Iv\u00e1n D\u00edaz como vicepostulador de la Causa. La comisi\u00f3n de peritos te\u00f3logos empez\u00f3 a estudiar los escritos del Siervo de Dios Rafael Garc\u00eda Herreros. El 3 de octubre, se llev\u00f3 a cabo la sesi\u00f3n de apertura del Tribunal de la Causa, presidida por monse\u00f1or H\u00e9ctor Guti\u00e9rrez. Empez\u00f3 a sesionar el tribunal encargado de recibir el testimonio de diversas personas sobre el padre Rafael y recoger las pruebas acerca de la vida, virtudes y fama de santidad del padre. Una comisi\u00f3n pastoral, conformada por la comunidad eudista, empez\u00f3 a colaborar en la difusi\u00f3n sobre la vida, la obra y el pensamiento del Siervo de Dios Rafael Garc\u00eda Herreros.<\/p>\n<p><strong>2018:<\/strong>\u00a0\u00a0 El 30 de octubre, en ceremonia presidida por monse\u00f1or Francisco Nieto, Obispo de Engativ\u00e1, se clausur\u00f3 oficialmente la \u201cfase diocesana\u201d de la Causa de Beatificaci\u00f3n del Siervo de Dios Rafael Garc\u00eda Herreros. Posteriormente, la documentaci\u00f3n reunida durante esos a\u00f1os fue enviada a Roma.<\/p>\n","protected":false},"excerpt":{"rendered":"<p>BOGOT\u00c1.- Cuando el 17 de enero se cumplieron 112 a\u00f1os del nacimiento del sacerdote eudista Rafael Garc\u00eda Herreros, fundador de El Minuto de Dios, el Provincial de los Eudistas en El Minuto de Dios anunci\u00f3 que la Congregaci\u00f3n para las Causas de los Santos acept\u00f3 a Silvia Correale como postuladora de la beatificaci\u00f3n del Siervo &hellip;<\/p>\n","protected":false},"author":1,"featured_media":36605,"comment_status":"open","ping_status":"open","sticky":false,"template":"","format":"standard","meta":{"footnotes":""},"categories":[4,6],"tags":[5130,5131,3854,5129],"class_list":["post-36604","post","type-post","status-publish","format-standard","has-post-thumbnail","hentry","category-barra","category-ojo-avizor","tag-ciudad-del-vaticano","tag-eudista","tag-minuto-de-dios","tag-padre-garcia-herreros"],"_links":{"self":[{"href":"https:\/\/contraluzcucuta.co\/index.php?rest_route=\/wp\/v2\/posts\/36604","targetHints":{"allow":["GET"]}}],"collection":[{"href":"https:\/\/contraluzcucuta.co\/index.php?rest_route=\/wp\/v2\/posts"}],"about":[{"href":"https:\/\/contraluzcucuta.co\/index.php?rest_route=\/wp\/v2\/types\/post"}],"author":[{"embeddable":true,"href":"https:\/\/contraluzcucuta.co\/index.php?rest_route=\/wp\/v2\/users\/1"}],"replies":[{"embeddable":true,"href":"https:\/\/contraluzcucuta.co\/index.php?rest_route=%2Fwp%2Fv2%2Fcomments&post=36604"}],"version-history":[{"count":1,"href":"https:\/\/contraluzcucuta.co\/index.php?rest_route=\/wp\/v2\/posts\/36604\/revisions"}],"predecessor-version":[{"id":36606,"href":"https:\/\/contraluzcucuta.co\/index.php?rest_route=\/wp\/v2\/posts\/36604\/revisions\/36606"}],"wp:featuredmedia":[{"embeddable":true,"href":"https:\/\/contraluzcucuta.co\/index.php?rest_route=\/wp\/v2\/media\/36605"}],"wp:attachment":[{"href":"https:\/\/contraluzcucuta.co\/index.php?rest_route=%2Fwp%2Fv2%2Fmedia&parent=36604"}],"wp:term":[{"taxonomy":"category","embeddable":true,"href":"https:\/\/contraluzcucuta.co\/index.php?rest_route=%2Fwp%2Fv2%2Fcategories&post=36604"},{"taxonomy":"post_tag","embeddable":true,"href":"https:\/\/contraluzcucuta.co\/index.php?rest_route=%2Fwp%2Fv2%2Ftags&post=36604"}],"curies":[{"name":"wp","href":"https:\/\/api.w.org\/{rel}","templated":true}]}}