{"id":36601,"date":"2021-01-21T13:04:06","date_gmt":"2021-01-21T18:04:06","guid":{"rendered":"http:\/\/contraluzcucuta.co\/?p=36601"},"modified":"2021-01-21T13:04:06","modified_gmt":"2021-01-21T18:04:06","slug":"resultados-eoe-2014-2017-entre-13-ciudades-de-colombia-cucuta-no-esta-bien-posicionada","status":"publish","type":"post","link":"https:\/\/contraluzcucuta.co\/?p=36601","title":{"rendered":"RESULTADOS EOE 2014 &#8211; 2017. Entre 13 ciudades de Colombia C\u00facuta no est\u00e1 bien posicionada"},"content":{"rendered":"<p style=\"padding-left: 40px; text-align: right;\"><strong><span style=\"color: #ff9900;\">Los resultados de los indicadores propuestos para hacer seguimiento al estado de la Educaci\u00f3n Orientada al Empleo 2014 \u2013 2017 (EOE) en la Red de Ciudades C\u00f3mo Vamos no dejan bien parada a C\u00facuta. En los diversos renglones de an\u00e1lisis, la capital de Norte de Santander ocupa los \u00faltimos lugares.<\/span><\/strong><\/p>\n<p>Dada las limitaciones de informaci\u00f3n, y en particular de la representatividad estad\u00edstica de la principal fuente de informaci\u00f3n del informe, la Gran Encuesta Integrada de Hogares del Dane, los resultados est\u00e1n disponibles para las principales ciudades capitales de la Red y en el caso de los municipios peque\u00f1os la informaci\u00f3n se presenta agregada por las \u00e1reas metropolitanas de las que hacen parte.<\/p>\n<p>En detalle, en la tabla 4 se pueden observar estas agrupaciones.<\/p>\n<p><strong>Porcentaje de la poblaci\u00f3n seg\u00fan nivel educativo alcanzado<\/strong><\/p>\n<p>En las 23 principales \u00e1reas y ciudades del pa\u00eds el 61,6% de las personas entre 25 y 64 a\u00f1os tienen t\u00edtulo de bachiller o de educaci\u00f3n superior (t\u00e9cnica profesional y tecnol\u00f3gica o universitaria), porcentaje que creci\u00f3 levemente entre el 2015 y 2017. En las ciudades de la Red, se observa que Barranquilla (68,2 %) y Bogot\u00e1 (67,2 %) tienen el mayor porcentaje de poblaci\u00f3n bachiller o con educaci\u00f3n superior del pa\u00eds. En contraste, C\u00facuta (52,6 %) y Pereira (59,6 %) registran los peores resultados.<\/p>\n<p><strong>Porcentaje de la poblaci\u00f3n (25 y 64 a\u00f1os) con t\u00edtulo de educaci\u00f3n t\u00e9cnica profesional o tecnol\u00f3gica<\/strong><\/p>\n<p>Medell\u00edn\u00a0(19,5 %), Cartagena (17,4 %) y Manizales (16,2 %) registran el mayor porcentaje de poblaci\u00f3n con t\u00e9cnica profesional y tecnol\u00f3gica.<\/p>\n<p>C\u00facuta (7 %) y Cali (9,7 %) tienen el menor porcentaje de poblaci\u00f3n con t\u00e9cnica profesional y tecnol\u00f3gica.<\/p>\n<p><strong>Tasa de ocupaci\u00f3n de las personas con educaci\u00f3n t\u00e9cnica profesional y tecnol\u00f3gica o universitaria (25 a 64 a\u00f1os)<\/strong><\/p>\n<p>Las ciudades del pa\u00eds que registran las mayores tasas de ocupaci\u00f3n para esta poblaci\u00f3n son Cali, Bucaramanga, Bogot\u00e1 y Barranquilla A.M.<\/p>\n<p>Los indicadores m\u00e1s bajos se registran en Cartagena, C\u00facuta y Quibd\u00f3.<\/p>\n<p><strong>Ingresos mensuales seg\u00fan nivel educativo t\u00e9cnica profesional y tecnol\u00f3gica (25-64 a\u00f1os)<\/strong><\/p>\n<p>Quibd\u00f3 tuvo la m\u00e1s alta tasa de desempleo entre personas con educaci\u00f3n superior (17,7 %), seguida por Armenia (11,9 %) y C\u00facuta (11,9 %).<\/p>\n<p><strong>Tasa de desempleo personas con educaci\u00f3n superior (t\u00e9cnica profesional y tecnol\u00f3gica y superior) (25-64 a\u00f1os).<\/strong><\/p>\n<p>En el caso de C\u00facuta y Quibd\u00f3, esta situaci\u00f3n est\u00e1 estrechamente ligada al hecho que las tasas de desempleo globales en estas dos ciudades son muy altas respecto al resto del pa\u00eds.<\/p>\n<p><strong>Tasa de desempleo 20-34 a\u00f1os<\/strong><\/p>\n<p>Quibd\u00f3, C\u00facuta y Armenia registran las mayores tasas de desempleo juvenil, mientras que, Bucaramanga, Pereira y Barranquilla registran las m\u00e1s bajas.<\/p>\n<p><strong>J\u00f3venes (18 y 24 a\u00f1os) que no estudian ni participan en el mercado de trabajo<\/strong><\/p>\n<p>En Quibd\u00f3, Cartagena, C\u00facuta, Santa Marta y Barranquilla como las ciudades y \u00e1reas con mayor incidencia de NINIS (tasas superiores al 25 %). De hecho, en estas cinco ciudades uno de cada cuatro j\u00f3venes ni estudia ni trabaja.<\/p>\n<p>Bucaramanga e Ibagu\u00e9 son las ciudades que registraron las tasas m\u00e1s bajas de NINIS.<\/p>\n<p><strong>Personas que consideraron que los cursos de Formaci\u00f3n para el Trabajo mejoraron su productividad laboral<\/strong><\/p>\n<p>En Manizales, Bucaramanga, Pereira y Bogot\u00e1 alrededor de 8 de cada 10 personas manifest\u00f3 que los cursos de Formaci\u00f3n para el Trabajo les permiti\u00f3 mejorar su productividad laboral. En contraste, Quibd\u00f3 y C\u00facuta son las ciudades donde menos personas reportan como beneficio la mejora en el desempe\u00f1o laboral.<\/p>\n<p><strong>Duraci\u00f3n del desempleo seg\u00fan nivel educativo<\/strong><\/p>\n<p>Santa Marta, Armenia e Ibagu\u00e9 son las ciudades donde m\u00e1s tarda un desempleado con T&amp;T para conseguir un empleo, mientras que en C\u00facuta y Barranquilla los tiempos son menores.<\/p>\n","protected":false},"excerpt":{"rendered":"<p>Los resultados de los indicadores propuestos para hacer seguimiento al estado de la Educaci\u00f3n Orientada al Empleo 2014 \u2013 2017 (EOE) en la Red de Ciudades C\u00f3mo Vamos no dejan bien parada a C\u00facuta. En los diversos renglones de an\u00e1lisis, la capital de Norte de Santander ocupa los \u00faltimos lugares. Dada las limitaciones de informaci\u00f3n, &hellip;<\/p>\n","protected":false},"author":1,"featured_media":36602,"comment_status":"open","ping_status":"open","sticky":false,"template":"","format":"standard","meta":{"footnotes":""},"categories":[45,4],"tags":[1909,5125],"class_list":["post-36601","post","type-post","status-publish","format-standard","has-post-thumbnail","hentry","category-destacado","category-barra","tag-cucuta-como-vamos","tag-mario-zambrano"],"_links":{"self":[{"href":"https:\/\/contraluzcucuta.co\/index.php?rest_route=\/wp\/v2\/posts\/36601","targetHints":{"allow":["GET"]}}],"collection":[{"href":"https:\/\/contraluzcucuta.co\/index.php?rest_route=\/wp\/v2\/posts"}],"about":[{"href":"https:\/\/contraluzcucuta.co\/index.php?rest_route=\/wp\/v2\/types\/post"}],"author":[{"embeddable":true,"href":"https:\/\/contraluzcucuta.co\/index.php?rest_route=\/wp\/v2\/users\/1"}],"replies":[{"embeddable":true,"href":"https:\/\/contraluzcucuta.co\/index.php?rest_route=%2Fwp%2Fv2%2Fcomments&post=36601"}],"version-history":[{"count":1,"href":"https:\/\/contraluzcucuta.co\/index.php?rest_route=\/wp\/v2\/posts\/36601\/revisions"}],"predecessor-version":[{"id":36603,"href":"https:\/\/contraluzcucuta.co\/index.php?rest_route=\/wp\/v2\/posts\/36601\/revisions\/36603"}],"wp:featuredmedia":[{"embeddable":true,"href":"https:\/\/contraluzcucuta.co\/index.php?rest_route=\/wp\/v2\/media\/36602"}],"wp:attachment":[{"href":"https:\/\/contraluzcucuta.co\/index.php?rest_route=%2Fwp%2Fv2%2Fmedia&parent=36601"}],"wp:term":[{"taxonomy":"category","embeddable":true,"href":"https:\/\/contraluzcucuta.co\/index.php?rest_route=%2Fwp%2Fv2%2Fcategories&post=36601"},{"taxonomy":"post_tag","embeddable":true,"href":"https:\/\/contraluzcucuta.co\/index.php?rest_route=%2Fwp%2Fv2%2Ftags&post=36601"}],"curies":[{"name":"wp","href":"https:\/\/api.w.org\/{rel}","templated":true}]}}