{"id":36577,"date":"2021-01-12T16:01:24","date_gmt":"2021-01-12T21:01:24","guid":{"rendered":"http:\/\/contraluzcucuta.co\/?p=36577"},"modified":"2021-01-12T16:06:44","modified_gmt":"2021-01-12T21:06:44","slug":"fondo-adaptacion-veintiocho-arboledanos-ahora-cuentan-con-techo-digno","status":"publish","type":"post","link":"https:\/\/contraluzcucuta.co\/?p=36577","title":{"rendered":"FONDO ADAPTACI\u00d3N. Veintiocho arboledanos ahora cuentan con techo digno"},"content":{"rendered":"<p><strong>ARBOLEDAS \u2013 Norte de Santander.-<\/strong> El Fondo Adaptaci\u00f3n entreg\u00f3, a mediados de diciembre, 28 viviendas reconstruidas y adaptadas al cambio clim\u00e1tico para 126 personas, que viv\u00edan en zonas de riesgo en Arboledas y que ahora cuentan con techo digno.<\/p>\n<p>La inversi\u00f3n hecha por el Fondo en este proyecto fue de $ 1929 millones.<\/p>\n<p>Las casas entregadas tienen un \u00e1rea de 44 metros cuadrados, constan de dos habitaciones, ba\u00f1o, sala-comedor, cocina y patio.<\/p>\n<p><a href=\"https:\/\/contraluzcucuta.co\/wp-content\/uploads\/2021\/01\/ARBOLEDAS-CASAS-2.jpg\"><img loading=\"lazy\" decoding=\"async\" class=\"alignnone size-medium wp-image-36579\" src=\"https:\/\/contraluzcucuta.co\/wp-content\/uploads\/2021\/01\/ARBOLEDAS-CASAS-2-300x225.jpg\" alt=\"\" width=\"300\" height=\"225\" srcset=\"https:\/\/contraluzcucuta.co\/wp-content\/uploads\/2021\/01\/ARBOLEDAS-CASAS-2-300x225.jpg 300w, https:\/\/contraluzcucuta.co\/wp-content\/uploads\/2021\/01\/ARBOLEDAS-CASAS-2-600x450.jpg 600w, https:\/\/contraluzcucuta.co\/wp-content\/uploads\/2021\/01\/ARBOLEDAS-CASAS-2-1024x768.jpg 1024w, https:\/\/contraluzcucuta.co\/wp-content\/uploads\/2021\/01\/ARBOLEDAS-CASAS-2-768x576.jpg 768w, https:\/\/contraluzcucuta.co\/wp-content\/uploads\/2021\/01\/ARBOLEDAS-CASAS-2.jpg 1280w\" sizes=\"auto, (max-width: 300px) 100vw, 300px\" \/><\/a><\/p>\n<p>Adicionalmente, cuentan con conexi\u00f3n a la infraestructura de servicios p\u00fablicos de energ\u00eda el\u00e9ctrica, acueducto y alcantarillado.<\/p>\n<p>El gerente del Fondo Adaptaci\u00f3n, Edgar Ortiz Pab\u00f3n, afirm\u00f3 que \u201cseguimos cumpliendo la directriz del presidente Duque de mejorar la calidad de vida de los colombianos, cerrando la brecha de pobreza.<\/p>\n<p>En lo que va del actual gobierno, el Fondo Adaptaci\u00f3n ha entregado 102 viviendas en Norte de Santander, con una inversi\u00f3n de $ 6037 millones, y est\u00e1 prevista la entrega de 117 soluciones m\u00e1s.<\/p>\n<p><a href=\"https:\/\/contraluzcucuta.co\/wp-content\/uploads\/2021\/01\/ARBOLEDAS-CASAS-3.jpg\"><img loading=\"lazy\" decoding=\"async\" class=\"alignnone size-medium wp-image-36580\" src=\"https:\/\/contraluzcucuta.co\/wp-content\/uploads\/2021\/01\/ARBOLEDAS-CASAS-3-300x225.jpg\" alt=\"\" width=\"300\" height=\"225\" srcset=\"https:\/\/contraluzcucuta.co\/wp-content\/uploads\/2021\/01\/ARBOLEDAS-CASAS-3-300x225.jpg 300w, https:\/\/contraluzcucuta.co\/wp-content\/uploads\/2021\/01\/ARBOLEDAS-CASAS-3-600x450.jpg 600w, https:\/\/contraluzcucuta.co\/wp-content\/uploads\/2021\/01\/ARBOLEDAS-CASAS-3-1024x768.jpg 1024w, https:\/\/contraluzcucuta.co\/wp-content\/uploads\/2021\/01\/ARBOLEDAS-CASAS-3-768x576.jpg 768w, https:\/\/contraluzcucuta.co\/wp-content\/uploads\/2021\/01\/ARBOLEDAS-CASAS-3.jpg 1280w\" sizes=\"auto, (max-width: 300px) 100vw, 300px\" \/><\/a><\/p>\n<p>Fotos: PRENSA FONDO ADAPTACI\u00d3N<\/p>\n","protected":false},"excerpt":{"rendered":"<p>ARBOLEDAS \u2013 Norte de Santander.- El Fondo Adaptaci\u00f3n entreg\u00f3, a mediados de diciembre, 28 viviendas reconstruidas y adaptadas al cambio clim\u00e1tico para 126 personas, que viv\u00edan en zonas de riesgo en Arboledas y que ahora cuentan con techo digno. La inversi\u00f3n hecha por el Fondo en este proyecto fue de $ 1929 millones. Las casas &hellip;<\/p>\n","protected":false},"author":1,"featured_media":36578,"comment_status":"open","ping_status":"open","sticky":false,"template":"","format":"standard","meta":{"footnotes":""},"categories":[4,32],"tags":[259,1248],"class_list":["post-36577","post","type-post","status-publish","format-standard","has-post-thumbnail","hentry","category-barra","category-recorrido-por-la-region","tag-arboledas","tag-fondo-adaptacion"],"_links":{"self":[{"href":"https:\/\/contraluzcucuta.co\/index.php?rest_route=\/wp\/v2\/posts\/36577","targetHints":{"allow":["GET"]}}],"collection":[{"href":"https:\/\/contraluzcucuta.co\/index.php?rest_route=\/wp\/v2\/posts"}],"about":[{"href":"https:\/\/contraluzcucuta.co\/index.php?rest_route=\/wp\/v2\/types\/post"}],"author":[{"embeddable":true,"href":"https:\/\/contraluzcucuta.co\/index.php?rest_route=\/wp\/v2\/users\/1"}],"replies":[{"embeddable":true,"href":"https:\/\/contraluzcucuta.co\/index.php?rest_route=%2Fwp%2Fv2%2Fcomments&post=36577"}],"version-history":[{"count":2,"href":"https:\/\/contraluzcucuta.co\/index.php?rest_route=\/wp\/v2\/posts\/36577\/revisions"}],"predecessor-version":[{"id":36582,"href":"https:\/\/contraluzcucuta.co\/index.php?rest_route=\/wp\/v2\/posts\/36577\/revisions\/36582"}],"wp:featuredmedia":[{"embeddable":true,"href":"https:\/\/contraluzcucuta.co\/index.php?rest_route=\/wp\/v2\/media\/36578"}],"wp:attachment":[{"href":"https:\/\/contraluzcucuta.co\/index.php?rest_route=%2Fwp%2Fv2%2Fmedia&parent=36577"}],"wp:term":[{"taxonomy":"category","embeddable":true,"href":"https:\/\/contraluzcucuta.co\/index.php?rest_route=%2Fwp%2Fv2%2Fcategories&post=36577"},{"taxonomy":"post_tag","embeddable":true,"href":"https:\/\/contraluzcucuta.co\/index.php?rest_route=%2Fwp%2Fv2%2Ftags&post=36577"}],"curies":[{"name":"wp","href":"https:\/\/api.w.org\/{rel}","templated":true}]}}