{"id":36571,"date":"2021-01-12T14:13:49","date_gmt":"2021-01-12T19:13:49","guid":{"rendered":"http:\/\/contraluzcucuta.co\/?p=36571"},"modified":"2021-01-12T14:13:49","modified_gmt":"2021-01-12T19:13:49","slug":"cucuta-como-vamos-pesimismo-65-por-ciento-perdida-de-empleo-694-por-ciento","status":"publish","type":"post","link":"https:\/\/contraluzcucuta.co\/?p=36571","title":{"rendered":"C\u00daCUTA COMO VAMOS. Pesimismo, 65 por ciento; p\u00e9rdida de empleo, 69,4 por ciento"},"content":{"rendered":"<p style=\"padding-left: 40px; text-align: right;\"><span style=\"color: #ff9900;\"><strong>Los efectos de la pandemia en C\u00facuta se ven reflejados no solo en el pesimismo como lo presenta la segunda encuesta de percepci\u00f3n ciudadana Mivozmiciudad (65 % de los encuestados), sino tambi\u00e9n en el empleo, el 69,4 % de los encuestados dice que al menos una persona de su hogar perdi\u00f3 el empleo, siendo los niveles socioecon\u00f3micos bajos los de mayor afectaci\u00f3n 73,4 %, por el lado de los rangos de edad son los de 36 a 45 a\u00f1os (el 74,8 %) y m\u00e1s de 55 a\u00f1os (el 72 %) los m\u00e1s sensibles.<\/strong><\/span><\/p>\n<p>Esta informaci\u00f3n guarda relaci\u00f3n con dos preguntas m\u00e1s que dan raz\u00f3n de la importancia de las condiciones materiales de las personas, sus implicaciones en la calidad de vida, y sobre todo las privaciones que inciden negativamente tanto la satisfacci\u00f3n de necesidades b\u00e1sicas, como en el desarrollo de las capacidades humanas de los hombres y mujeres de C\u00facuta. En la pregunta que hace alusi\u00f3n a la \u201creactivaci\u00f3n\u201d econ\u00f3mica el 62,2 % de los encuestados no tiene empleo a\u00fan, con mayor incidencia en los niveles socioecon\u00f3micos bajos, y m\u00e1s en mujeres (65,5%) que en hombres (58,7 %), adem\u00e1s las comunas m\u00e1s impactadas seg\u00fan la respuesta de los encuestados fueron las 3,4,6 y 7.<\/p>\n<p>Cuando a los encuestados se les pregunta por los ingresos actuales, 5 de cada 10 dice que no alcanza para cubrir los gastos m\u00ednimos, al igual que la anterior las comunas 3,4,6 y 7 son las de mayores implicancias en la carencia de ingresos (58 %), tambi\u00e9n los niveles socioecon\u00f3micos bajos fueron los m\u00e1s sensibles con el 60 %, al mirar los datos por g\u00e9nero, a las mujeres les fue peor con 62 %, mientras que en los hombres fue de 46,9 % una diferencia de 15,1 %. Por otro lado, casi 3 de cada 10 encuestados dijeron que por lo menos una persona de su hogar pas\u00f3 hambre por falta de recursos.<\/p>\n<p>En esta realidad tan perpleja, es importante pensar posibles caminos que conduzcan en el corto, mediano y largo plazo acciones que puedan mitigar esta situaci\u00f3n, para ello en el \u00faltimo informe que realiz\u00f3 el C\u00facuta C\u00f3mo Vamos y el ORMET Norte de Santander1 se propusieron algunos puntos\u00a0generales a nivel regional y local, que se replicar\u00e1n aqu\u00ed:<\/p>\n<ul>\n<li>Articular la agenda econ\u00f3mica y social<\/li>\n<li>Articular las pol\u00edticas nacionales con las regionales, teniendo en cuenta que estas \u00faltimas deben tener una mirada regional y acorde con las especificidades territoriales, esto \u00faltimo cobra importancia con la generaci\u00f3n de una plataforma de datos, de informaci\u00f3n y de conocimiento para monitorear y tomar mejores decisiones en materia econ\u00f3mica en el sector p\u00fablico y privado, lo que implica generar sinergias no solo entre estos dos sectores, sino con la academia y actores sociales de incidencia en materia econ\u00f3mica y laboral.<\/li>\n<\/ul>\n<ul>\n<li>Aunque es necesario reconocer que muchas de las medidas deben tener en cuenta las competencias entre naci\u00f3n, departamento y los municipios, es fundamental: aumentar los beneficiarios de los programas de transferencias condicionadas, especialmente el programa de ingreso solidario, y mejorar el sistema de informaci\u00f3n de estas medidas para que la poblaci\u00f3n pueda conocerlas y acceder con facilidad a ellas.<\/li>\n<li>La oferta institucional orientada al sector empresarial debe priorizar y diferenciar las ayudas, dado el tama\u00f1o, los ingresos y otros criterios para recibir apoyos como la protecci\u00f3n de los trabajadores y la generaci\u00f3n empleo, por ejemplo, las actividades m\u00e1s sensibles frente a las medidas de salud p\u00fablica (actividades art\u00edsticas, entretenimiento, recreaci\u00f3n y otras actividades de servicio), las actividades que generan un mayor volumen de empleo (como comercio y reparaci\u00f3n de veh\u00edculos), las actividades empresariales que son importantes en materia de exportaci\u00f3n, las actividades que tienen una mayor flexibilidad para adaptarse al comercio electr\u00f3nico y al teletrabajo, etc\u00e9tera.<\/li>\n<li>Los apoyos a los empresarios por fortalecer van desde refinanciaci\u00f3n de deudas con bancos, ayudas con recursos para mantenimiento de n\u00f3mina, recalificaci\u00f3n de la fuerza laboral para adaptarse a otras formas de trabajo (teletrabajo) y labores remotas, acompa\u00f1amiento y apoyo para generar capacidades f\u00edsicas y humanas, y aprovechar las oportunidades del mercado electr\u00f3nico, el dise\u00f1o a nivel nacional de un marco regulatorio para la emergencia de estas formas de trabajo donde prevalezca la protecci\u00f3n social y otras acciones encaminadas no solo enfrentar los desaf\u00edos de la pandemia Covid-19, sino en generar unas condiciones de mediano y largo plazo que permitan con el tiempo fortalecer y transformar el aparato productivo y el mercado laboral frente a los desajustes en materia de cantidad y calidad del empleo donde son claves instrumentos de planeaci\u00f3n territorial: los planes de desarrollo con reformas efectivas para incluir estrategias de recuperaci\u00f3n econ\u00f3mica, social y laboral, la actualizaci\u00f3n de sus \u201cbancos de proyectos\u201d y la articulaci\u00f3n con el Plan Regional de Competitividad y de Ctel de Norte de Santander, esto requiere con urgencia, cerrar brechas en formulaci\u00f3n, implementaci\u00f3n y evaluaci\u00f3n de proyectos, as\u00ed como un manejo adecuado, costo efectivo y de impacto en el uso de los recursos del sistema general de participaciones y de regal\u00edas, donde es fundamental el rol de las universidades y de las instituciones de la sociedad civil que est\u00e1n vinculadas con la generaci\u00f3n de conocimiento y de valor agregado en su contenido econ\u00f3mico, social y ambiental.<\/li>\n<\/ul>\n<ul>\n<li>Es importante que las medidas tomadas tengan en cuenta enfoques poblacionales y diferenciales, perspectiva de g\u00e9nero y del ciclo vital, partiendo de un an\u00e1lisis espacial en la ciudad.<\/li>\n<\/ul>\n","protected":false},"excerpt":{"rendered":"<p>Los efectos de la pandemia en C\u00facuta se ven reflejados no solo en el pesimismo como lo presenta la segunda encuesta de percepci\u00f3n ciudadana Mivozmiciudad (65 % de los encuestados), sino tambi\u00e9n en el empleo, el 69,4 % de los encuestados dice que al menos una persona de su hogar perdi\u00f3 el empleo, siendo los &hellip;<\/p>\n","protected":false},"author":1,"featured_media":36572,"comment_status":"open","ping_status":"open","sticky":false,"template":"","format":"standard","meta":{"footnotes":""},"categories":[45,4],"tags":[1909,1215,5125],"class_list":["post-36571","post","type-post","status-publish","format-standard","has-post-thumbnail","hentry","category-destacado","category-barra","tag-cucuta-como-vamos","tag-desempleo-en-cucuta","tag-mario-zambrano"],"_links":{"self":[{"href":"https:\/\/contraluzcucuta.co\/index.php?rest_route=\/wp\/v2\/posts\/36571","targetHints":{"allow":["GET"]}}],"collection":[{"href":"https:\/\/contraluzcucuta.co\/index.php?rest_route=\/wp\/v2\/posts"}],"about":[{"href":"https:\/\/contraluzcucuta.co\/index.php?rest_route=\/wp\/v2\/types\/post"}],"author":[{"embeddable":true,"href":"https:\/\/contraluzcucuta.co\/index.php?rest_route=\/wp\/v2\/users\/1"}],"replies":[{"embeddable":true,"href":"https:\/\/contraluzcucuta.co\/index.php?rest_route=%2Fwp%2Fv2%2Fcomments&post=36571"}],"version-history":[{"count":1,"href":"https:\/\/contraluzcucuta.co\/index.php?rest_route=\/wp\/v2\/posts\/36571\/revisions"}],"predecessor-version":[{"id":36573,"href":"https:\/\/contraluzcucuta.co\/index.php?rest_route=\/wp\/v2\/posts\/36571\/revisions\/36573"}],"wp:featuredmedia":[{"embeddable":true,"href":"https:\/\/contraluzcucuta.co\/index.php?rest_route=\/wp\/v2\/media\/36572"}],"wp:attachment":[{"href":"https:\/\/contraluzcucuta.co\/index.php?rest_route=%2Fwp%2Fv2%2Fmedia&parent=36571"}],"wp:term":[{"taxonomy":"category","embeddable":true,"href":"https:\/\/contraluzcucuta.co\/index.php?rest_route=%2Fwp%2Fv2%2Fcategories&post=36571"},{"taxonomy":"post_tag","embeddable":true,"href":"https:\/\/contraluzcucuta.co\/index.php?rest_route=%2Fwp%2Fv2%2Ftags&post=36571"}],"curies":[{"name":"wp","href":"https:\/\/api.w.org\/{rel}","templated":true}]}}