{"id":36560,"date":"2020-12-17T10:59:11","date_gmt":"2020-12-17T15:59:11","guid":{"rendered":"http:\/\/contraluzcucuta.co\/?p=36560"},"modified":"2020-12-17T10:59:11","modified_gmt":"2020-12-17T15:59:11","slug":"easyfly-cucuta-quedara-conectada-con-un-vuelo-diario-con-cartagena","status":"publish","type":"post","link":"https:\/\/contraluzcucuta.co\/?p=36560","title":{"rendered":"EASYFLY. C\u00facuta quedar\u00e1 conectada, con un vuelo diario, con Cartagena"},"content":{"rendered":"<p style=\"padding-left: 40px; text-align: right;\"><strong><span style=\"color: #ff9900;\">BOGOT\u00c1. Easyfly operar\u00e1 la ruta de C\u00facuta &#8211; Cartagena con hasta un vuelo diario. Esta ruta ser\u00e1 operada en los aviones ATR42 con capacidad para 46 pasajeros. La aerol\u00ednea comenzar\u00e1 la operaci\u00f3n el 19 de diciembre.<\/span><\/strong><\/p>\n<p>Easyfly opera desde C\u00facuta hacia Arauca con hasta tres vuelos semanales: lunes, mi\u00e9rcoles y viernes; Bucaramanga operada con hasta un vuelo diario y Medell\u00edn con hasta cuatro vuelos semanales: martes, jueves, s\u00e1bado y domingo.<\/p>\n<p>Desde el aeropuerto Olaya Herrera, la aerol\u00ednea es el mayor operador de vuelos y destinos. Conecta a los pasajeros hacia 13 rutas directas: Cali, Cartagena, Pereira, Armenia, Manizales, Monter\u00eda, C\u00facuta, Bucaramanga, Villavicencio, Quibd\u00f3, Apartad\u00f3, Corozal e Ibagu\u00e9.<\/p>\n<p>La empresa es pionera en el proceso de reactivaci\u00f3n a\u00e9rea. Transportar\u00e1 m\u00e1s de 220.000 pasajeros, entre septiembre y diciembre, ofrece un servicio a\u00e9reo eficiente, comprometido con garantizar y recuperar la confianza de los pasajeros para que se sientan seguros de volver a volar.<\/p>\n<p>Al finalizar el a\u00f1o, Easyfly cerrar\u00e1 la operaci\u00f3n con 32 rutas directas en el territorio nacional y presencia en 24 ciudades.<\/p>\n<p>@Easyflyvuelos<\/p>\n","protected":false},"excerpt":{"rendered":"<p>BOGOT\u00c1. Easyfly operar\u00e1 la ruta de C\u00facuta &#8211; Cartagena con hasta un vuelo diario. Esta ruta ser\u00e1 operada en los aviones ATR42 con capacidad para 46 pasajeros. La aerol\u00ednea comenzar\u00e1 la operaci\u00f3n el 19 de diciembre. Easyfly opera desde C\u00facuta hacia Arauca con hasta tres vuelos semanales: lunes, mi\u00e9rcoles y viernes; Bucaramanga operada con hasta &hellip;<\/p>\n","protected":false},"author":1,"featured_media":36561,"comment_status":"open","ping_status":"open","sticky":false,"template":"","format":"standard","meta":{"footnotes":""},"categories":[4,6],"tags":[308,5009,4994],"class_list":["post-36560","post","type-post","status-publish","format-standard","has-post-thumbnail","hentry","category-barra","category-ojo-avizor","tag-cartagena","tag-easyfly","tag-vuelos-nacionales"],"_links":{"self":[{"href":"https:\/\/contraluzcucuta.co\/index.php?rest_route=\/wp\/v2\/posts\/36560","targetHints":{"allow":["GET"]}}],"collection":[{"href":"https:\/\/contraluzcucuta.co\/index.php?rest_route=\/wp\/v2\/posts"}],"about":[{"href":"https:\/\/contraluzcucuta.co\/index.php?rest_route=\/wp\/v2\/types\/post"}],"author":[{"embeddable":true,"href":"https:\/\/contraluzcucuta.co\/index.php?rest_route=\/wp\/v2\/users\/1"}],"replies":[{"embeddable":true,"href":"https:\/\/contraluzcucuta.co\/index.php?rest_route=%2Fwp%2Fv2%2Fcomments&post=36560"}],"version-history":[{"count":1,"href":"https:\/\/contraluzcucuta.co\/index.php?rest_route=\/wp\/v2\/posts\/36560\/revisions"}],"predecessor-version":[{"id":36562,"href":"https:\/\/contraluzcucuta.co\/index.php?rest_route=\/wp\/v2\/posts\/36560\/revisions\/36562"}],"wp:featuredmedia":[{"embeddable":true,"href":"https:\/\/contraluzcucuta.co\/index.php?rest_route=\/wp\/v2\/media\/36561"}],"wp:attachment":[{"href":"https:\/\/contraluzcucuta.co\/index.php?rest_route=%2Fwp%2Fv2%2Fmedia&parent=36560"}],"wp:term":[{"taxonomy":"category","embeddable":true,"href":"https:\/\/contraluzcucuta.co\/index.php?rest_route=%2Fwp%2Fv2%2Fcategories&post=36560"},{"taxonomy":"post_tag","embeddable":true,"href":"https:\/\/contraluzcucuta.co\/index.php?rest_route=%2Fwp%2Fv2%2Ftags&post=36560"}],"curies":[{"name":"wp","href":"https:\/\/api.w.org\/{rel}","templated":true}]}}