{"id":36541,"date":"2020-12-13T17:59:13","date_gmt":"2020-12-13T22:59:13","guid":{"rendered":"http:\/\/contraluzcucuta.co\/?p=36541"},"modified":"2020-12-13T17:59:13","modified_gmt":"2020-12-13T22:59:13","slug":"gremio-medico-medidas-anti-covid-19-tomadas-en-el-departamento-son-insuficientes","status":"publish","type":"post","link":"https:\/\/contraluzcucuta.co\/?p=36541","title":{"rendered":"GREMIO M\u00c9DICO. Medidas anti Covid-19 tomadas en el departamento son insuficientes"},"content":{"rendered":"<p style=\"padding-left: 40px; text-align: right;\"><strong><span style=\"color: #ff9900;\">C\u00daCUTA.- El gremio del sector de la salud de Norte de Santander qued\u00f3 insatisfecho con las \u00faltimas medidas tomadas por el puesto de mando unificado c para detener la propagaci\u00f3n de la pandemia en C\u00facuta. \u201cConsideramos que son insuficientes y no responden a las necesidades apremiantes que vive el departamento\u201d, se\u00f1alaron en el comunicado firmado por 27 representantes de entidades m\u00e9dicas.<\/span><\/strong><\/p>\n<p>Ayer, se conoci\u00f3 la muerte del m\u00e9dico Iv\u00e1n Santaella, exjefe de Promoci\u00f3n y Prevenci\u00f3n de Imsalud, exgerente del Hospital de Arauca y ocupaba la gerencia de la ESE Sur Oriental.<\/p>\n<p>El texto del documento es el siguiente:<\/p>\n<p>\u201cEn atenci\u00f3n a las medidas gubernamentales tomadas por el puesto de mando unificado conjunto para la atenci\u00f3n de la pandemia de la Covid-19 en el Departamento Norte de Santander el d\u00eda 11 de diciembre del a\u00f1o 2020, consideramos que son insuficientes y no responden a las necesidades apremiantes que vive el departamento. Se insiste \u2013por decretoen el aislamiento selectivo y el distanciamiento social responsable, medidas que ya fueron implementadas en ocasiones anteriores, las cuales claramente no han sido acatadas por la ciudadan\u00eda y ha faltado autoridad para su cumplimiento.<\/p>\n<p>\u201cNo se entiende como se insiste en el distanciamiento responsable cuando nuestra ciudadan\u00eda no ha demostrado el menor asomo de responsabilidad. Esta calamidad p\u00fablica en nuestra ciudad se ha desbordado alcanzando l\u00edmites inimaginables, superando la ya extendida capacidad hospitalaria y de camas de cuidado intensivo que apenas logran rescatar el 20 % de quienes pueden acceder a ellas. Esto ha ocasionado que cada d\u00eda nuestros enfermos est\u00e9n falleciendo en sus casas por Covid-19 o por la falta de atenci\u00f3n de las enfermedades comunes, cuyo da\u00f1o colateral tambi\u00e9n est\u00e1 cobrando un sin n\u00famero de vidas humanas.<\/p>\n<p>\u201cA lo anterior se agrega que para los siguientes d\u00edas no tendremos insumos hospitalarios, ni medicamentos, necesarios para atender los enfermos, los cuales ya escasean en nuestras instituciones al igual que en el mundo entero. Tampoco habr\u00e1 quien los atienda por que la creciente afecci\u00f3n del recurso humano en salud est\u00e1 generando incapacidades temporales y permanentes, y todos los d\u00edas cobra vidas muy valiosas e imprescindibles en estos momentos. Si un m\u00e9dico, una enfermera o una terapeuta falta, representa el sufrimiento de muchas personas que los necesitan.<\/p>\n<p>\u201cHacemos un llamado al gobierno central, en cabeza del Presidente de la Rep\u00fablica y el ministro de salud para que convoque una comisi\u00f3n evaluadora permanente de las medidas implementadas por el puesto de mando unificado en Norte de Santander. Insistimos en la necesidad de recurrir al aislamiento social obligatorio como una medida necesaria, adem\u00e1s del control al flujo migratorio en la frontera, el cual es generador de contagio y costos con cargo a los reducidos recursos hospitalarios de nuestra regi\u00f3n. Todo esto nos permitir\u00e1 frenar el desbordamiento que vivimos de la crisis sanitaria antes que alcance dimensiones catastr\u00f3ficas\u201d.<\/p>\n<p>El listado de firmas lo encabeza Ad\u00e1n Mu\u00f1oz Vera, presidente del Colegio M\u00e9dico de Norte de Santander.<\/p>\n","protected":false},"excerpt":{"rendered":"<p>C\u00daCUTA.- El gremio del sector de la salud de Norte de Santander qued\u00f3 insatisfecho con las \u00faltimas medidas tomadas por el puesto de mando unificado c para detener la propagaci\u00f3n de la pandemia en C\u00facuta. \u201cConsideramos que son insuficientes y no responden a las necesidades apremiantes que vive el departamento\u201d, se\u00f1alaron en el comunicado firmado &hellip;<\/p>\n","protected":false},"author":1,"featured_media":36542,"comment_status":"open","ping_status":"open","sticky":false,"template":"","format":"standard","meta":{"footnotes":""},"categories":[45,4],"tags":[4999,4837,5121],"class_list":["post-36541","post","type-post","status-publish","format-standard","has-post-thumbnail","hentry","category-destacado","category-barra","tag-cero-coronavirus","tag-covid-19","tag-gremio-medico"],"_links":{"self":[{"href":"https:\/\/contraluzcucuta.co\/index.php?rest_route=\/wp\/v2\/posts\/36541","targetHints":{"allow":["GET"]}}],"collection":[{"href":"https:\/\/contraluzcucuta.co\/index.php?rest_route=\/wp\/v2\/posts"}],"about":[{"href":"https:\/\/contraluzcucuta.co\/index.php?rest_route=\/wp\/v2\/types\/post"}],"author":[{"embeddable":true,"href":"https:\/\/contraluzcucuta.co\/index.php?rest_route=\/wp\/v2\/users\/1"}],"replies":[{"embeddable":true,"href":"https:\/\/contraluzcucuta.co\/index.php?rest_route=%2Fwp%2Fv2%2Fcomments&post=36541"}],"version-history":[{"count":1,"href":"https:\/\/contraluzcucuta.co\/index.php?rest_route=\/wp\/v2\/posts\/36541\/revisions"}],"predecessor-version":[{"id":36543,"href":"https:\/\/contraluzcucuta.co\/index.php?rest_route=\/wp\/v2\/posts\/36541\/revisions\/36543"}],"wp:featuredmedia":[{"embeddable":true,"href":"https:\/\/contraluzcucuta.co\/index.php?rest_route=\/wp\/v2\/media\/36542"}],"wp:attachment":[{"href":"https:\/\/contraluzcucuta.co\/index.php?rest_route=%2Fwp%2Fv2%2Fmedia&parent=36541"}],"wp:term":[{"taxonomy":"category","embeddable":true,"href":"https:\/\/contraluzcucuta.co\/index.php?rest_route=%2Fwp%2Fv2%2Fcategories&post=36541"},{"taxonomy":"post_tag","embeddable":true,"href":"https:\/\/contraluzcucuta.co\/index.php?rest_route=%2Fwp%2Fv2%2Ftags&post=36541"}],"curies":[{"name":"wp","href":"https:\/\/api.w.org\/{rel}","templated":true}]}}