{"id":36538,"date":"2020-12-05T15:53:11","date_gmt":"2020-12-05T20:53:11","guid":{"rendered":"http:\/\/contraluzcucuta.co\/?p=36538"},"modified":"2020-12-05T15:53:11","modified_gmt":"2020-12-05T20:53:11","slug":"nuevas-medidas-cucutenos-viviran-cuatro-dias-con-toque-de-queda-nocturno","status":"publish","type":"post","link":"https:\/\/contraluzcucuta.co\/?p=36538","title":{"rendered":"NUEVAS MEDIDAS. Cucute\u00f1os vivir\u00e1n cuatro d\u00edas con toque de queda nocturno"},"content":{"rendered":"<p style=\"padding-left: 40px; text-align: right;\"><strong><span style=\"color: #ff9900;\">C\u00daCUTA.- Del 5 al 8 de diciembre, los cucute\u00f1os deber\u00e1n observar el toque de queda, entre las 10:00 de la noche y las 5:00 de la ma\u00f1ana. La decisi\u00f3n la tom\u00f3 el gobierno municipal para detener el avance de la pandemia en la ciudad.<\/span><\/strong><\/p>\n<p>Igualmente, se proh\u00edbe el consumo de bebidas embriagantes en establecimientos de comercio autorizados en el plan piloto (Decreto 380), entre las 10:00 de la noche y las 8:00 de la ma\u00f1ana. Tampoco podr\u00e1n venderse bebidas alcoh\u00f3licas en ese horario, ni siquiera por medio de domicilios o plataformas electr\u00f3nicas.<\/p>\n<p>La atenci\u00f3n al p\u00fablico en los establecimientos de comercio diferentes no estar\u00e1 permitida, entre las 10:00 de la noche y las 5:00 de la ma\u00f1ana. Despu\u00e9s de las 22:00 horas, podr\u00e1n prestar el servicio mediante domicilios y plataformas electr\u00f3nicas.<\/p>\n<p>Se except\u00faan de esta medida a la Central de Abastos (Cenabastos) y la atenci\u00f3n al p\u00fablico en establecimientos de alojamiento y hospedaje con el Registro Nacional de Turismo, solo para el servicio de hu\u00e9spedes.<\/p>\n<p>Quedan prohibidos eventos y espect\u00e1culos en espacios p\u00fablicos, salones de eventos o festejos y en zonas sociales de conjuntos residenciales o propiedades horizontales, que generen aglomeraci\u00f3n y alto riesgo de contagio.<\/p>\n<p>Se restringe el desarrollo de cualquier actividad econ\u00f3mica o comercial, formal e informal, en parques no concesionados del municipio, con el fin de evitar aglomeraci\u00f3n. Se except\u00faan los mercados libres autorizados.<\/p>\n<p>Para visitas, recorridos y caminatas en El Malec\u00f3n, puente El\u00edas M. Soto, Pesebre Navide\u00f1o (Glorieta Rotaria), Monumento Cristo Rey, Glorieta San Mateo, El Palustre, Claret, Parque Santander, Parque Nacional y Parque de los Ingenieros de deben cumplir las siguientes medidas de bioseguridad:<\/p>\n<ul>\n<li>Uso obligatorio de tapabocas.<\/li>\n<li>Distanciamiento f\u00edsico.<\/li>\n<li>Aislamiento responsable.<\/li>\n<\/ul>\n<p>Tambi\u00e9n, qued\u00f3 prohibido el tr\u00e1nsito vehicular entre las 7:00 de la ma\u00f1ana y las 5:00 de la tarde, del 7 al 15 de diciembre con el fin de evitar aglomeraciones y garantizar el distanciamiento social en el siguiente per\u00edmetro:<\/p>\n<ol>\n<li>Avenida 6 entre calle 7 y calle 10.<\/li>\n<li>Calle 8 entre avenida 5 y avenida 7.<\/li>\n<li>Calle 9 entre avenida 5 y avenida 7.<\/li>\n<li>Calle 10 entre avenida 6 y avenida 7.<\/li>\n<\/ol>\n<p>Queda prohibido el uso, la manipulaci\u00f3n, fabricaci\u00f3n, quema, almacenamiento, venta, distribuci\u00f3n y transporte de p\u00f3lvora y artefactos pirot\u00e9cnicos en eventos p\u00fablicos o privados, con el fin de garantizar los derechos a la vida, la integridad f\u00edsica y la salud de los ciudadanos.<\/p>\n<p>Se suspendieron los espect\u00e1culos p\u00fablicos relacionados con art\u00edculos pirot\u00e9cnicos o fuegos artificiales, el uso de llantas, alambres, pl\u00e1sticos, cart\u00f3n, mu\u00f1ecos de papel, de paja, de trapo o similares, a los que se les incorporen art\u00edculos pirot\u00e9cnicos o fuegos artificiales.<\/p>\n<p>Los centros comerciales y establecimientos de comercio deber\u00e1n reforzar el cumplimiento de los protocolos de bioseguridad establecidos por el Ministerio de Salud y Protecci\u00f3n Social, y en ning\u00fan caso podr\u00e1n superar el aforo del 30% para el ingreso de personas.<\/p>\n<p>Estas medidas rigen a partir de las cero horas del 5 de diciembre hasta las cero horas del 15.<\/p>\n","protected":false},"excerpt":{"rendered":"<p>C\u00daCUTA.- Del 5 al 8 de diciembre, los cucute\u00f1os deber\u00e1n observar el toque de queda, entre las 10:00 de la noche y las 5:00 de la ma\u00f1ana. La decisi\u00f3n la tom\u00f3 el gobierno municipal para detener el avance de la pandemia en la ciudad. Igualmente, se proh\u00edbe el consumo de bebidas embriagantes en establecimientos de &hellip;<\/p>\n","protected":false},"author":1,"featured_media":36539,"comment_status":"open","ping_status":"open","sticky":false,"template":"","format":"standard","meta":{"footnotes":""},"categories":[2625,4,6],"tags":[226,412,5007],"class_list":["post-36538","post","type-post","status-publish","format-standard","has-post-thumbnail","hentry","category-alcaldia-de-cucuta","category-barra","category-ojo-avizor","tag-alcaldia-de-cucuta","tag-restricciones","tag-toque-de-queda"],"_links":{"self":[{"href":"https:\/\/contraluzcucuta.co\/index.php?rest_route=\/wp\/v2\/posts\/36538","targetHints":{"allow":["GET"]}}],"collection":[{"href":"https:\/\/contraluzcucuta.co\/index.php?rest_route=\/wp\/v2\/posts"}],"about":[{"href":"https:\/\/contraluzcucuta.co\/index.php?rest_route=\/wp\/v2\/types\/post"}],"author":[{"embeddable":true,"href":"https:\/\/contraluzcucuta.co\/index.php?rest_route=\/wp\/v2\/users\/1"}],"replies":[{"embeddable":true,"href":"https:\/\/contraluzcucuta.co\/index.php?rest_route=%2Fwp%2Fv2%2Fcomments&post=36538"}],"version-history":[{"count":1,"href":"https:\/\/contraluzcucuta.co\/index.php?rest_route=\/wp\/v2\/posts\/36538\/revisions"}],"predecessor-version":[{"id":36540,"href":"https:\/\/contraluzcucuta.co\/index.php?rest_route=\/wp\/v2\/posts\/36538\/revisions\/36540"}],"wp:featuredmedia":[{"embeddable":true,"href":"https:\/\/contraluzcucuta.co\/index.php?rest_route=\/wp\/v2\/media\/36539"}],"wp:attachment":[{"href":"https:\/\/contraluzcucuta.co\/index.php?rest_route=%2Fwp%2Fv2%2Fmedia&parent=36538"}],"wp:term":[{"taxonomy":"category","embeddable":true,"href":"https:\/\/contraluzcucuta.co\/index.php?rest_route=%2Fwp%2Fv2%2Fcategories&post=36538"},{"taxonomy":"post_tag","embeddable":true,"href":"https:\/\/contraluzcucuta.co\/index.php?rest_route=%2Fwp%2Fv2%2Ftags&post=36538"}],"curies":[{"name":"wp","href":"https:\/\/api.w.org\/{rel}","templated":true}]}}