{"id":36534,"date":"2020-12-05T15:14:10","date_gmt":"2020-12-05T20:14:10","guid":{"rendered":"http:\/\/contraluzcucuta.co\/?p=36534"},"modified":"2020-12-05T15:15:08","modified_gmt":"2020-12-05T20:15:08","slug":"balance-oficial-acciones-del-gobierno-en-norte-de-santander","status":"publish","type":"post","link":"https:\/\/contraluzcucuta.co\/?p=36534","title":{"rendered":"BALANCE OFICIAL. Acciones del Gobierno en Norte de Santander"},"content":{"rendered":"<p style=\"padding-left: 40px; text-align: right;\"><strong><span style=\"color: #ff9900;\">C\u00daCUTA.- Ante la visita del presidente Iv\u00e1n Duque a C\u00facuta para entregar algunas obras y revisar otras, se conoci\u00f3 el siguiente balance de las ejecutorias del Gobierno en Norte de Santander.<\/span><\/strong><\/p>\n<p><strong>1.- Entregas de Elementos de Protecci\u00f3n: 2.277.627<\/strong><\/p>\n<p>Total de equipos<\/p>\n<p>165 ventiladores<\/p>\n<p>165 monitores<\/p>\n<p>165 bombas de infusi\u00f3n.<\/p>\n<p>Apoyos Sociales en Norte de Santander<\/p>\n<p>455.749 millones desembolsados<\/p>\n<p>Poblaci\u00f3n impactada: 1.513.836<\/p>\n<p>Programas: Familias en Acci\u00f3n, J\u00f3venes en Acci\u00f3n, devoluci\u00f3n del IVA, Colombia, Ingreso solidario.<\/p>\n<p><strong>2.- Ayuda Humanitaria<\/strong><\/p>\n<p>Colombia est\u00e1 Contigo \u2013 UNGRD \/ Mininterior: 94.128<\/p>\n<p><strong>3.- Cr\u00e9ditos Norte de Santander<\/strong><\/p>\n<p>Tipo de Cr\u00e9dito<\/p>\n<p>1.- Fondo Nacional de Garant\u00edas Norte de Santander<\/p>\n<p>2.- Colombia Responde \u2013 L\u00ednea Bancoldex Norte de Santander Responde<\/p>\n<p>3.- Colombia Responde \u2013 L\u00ednea Bancoldex C\u00facuta Responde<\/p>\n<p>N\u00famero de Cr\u00e9ditos Otorgados \/Operaciones<\/p>\n<p>1.- 8292<\/p>\n<p>2.- 998<\/p>\n<p>3.- 426<\/p>\n<p>Monto Desembolsado (millones de pesos)<\/p>\n<p>1.- $ 186.896<\/p>\n<p>2.- $ 11.914<\/p>\n<p>3.- $ 3153<\/p>\n<p><strong>4.- Compromiso con la generaci\u00f3n de empleo \u2013 Norte de Santander<\/strong><\/p>\n<p>6144 empleos por medio de Concluir, Concluir, Concluir<\/p>\n<p>&#8211;\u00a0\u00a0\u00a0\u00a0\u00a0\u00a0 Corredor Puente Mariano Ospina (Cuc\u00fata &#8211; Aguaclara) $ 40.000 millones<\/p>\n<p>&#8211;\u00a0\u00a0\u00a0\u00a0\u00a0\u00a0 Troncal del Catatumbo (Astilleros &#8211; Tib\u00fa &#8211; La Gabarra) $ 70.000 millones<\/p>\n<p>&#8211;\u00a0\u00a0\u00a0\u00a0\u00a0\u00a0 Troncal Central del Norte (Duitama &#8211; M\u00e1laga &#8211; Pamplona) $ 180.000 millones<\/p>\n<p><strong>5.- Otras obras reactivadas<\/strong><\/p>\n<p>Bucaramanga \u2013 Pamplona: $ 1,84 billones a diciembre de 2019.<\/p>\n<p>Empleaos reactivados: 792 y 339 corresponden a Norte de Santander.<\/p>\n<p>Pamplona \u2013 C\u00facuta: $ 2,82 billones, a diciembre de 2019.<\/p>\n<p>Entrega Unidad Funcional 6: Proyecto Pamplona \u2013 C\u00facuta<\/p>\n<p>$ 139.219 millones del Gobierno.<\/p>\n<p>Rehabilitaci\u00f3n de 51 kil\u00f3metros de calzada sencilla y 11 kil\u00f3metros de doble calzada.<\/p>\n<p>Construcci\u00f3n de 600 metros de segunda calzada en Los Acacios y 3 puentes peatonales (La Garita, El Diamante y la Curva de los Adioses en Pamplona)<\/p>\n<p>Rehabilitaci\u00f3n de 23 puentes vehiculares.<\/p>\n<p>943.400 beneficiarios.<\/p>\n<p><strong>6.- Compromiso con los m\u00e1s pobres y vulnerables<\/strong><\/p>\n<p>Planes Departamentales de Agua<\/p>\n<p>Acueducto Metropolitano Francisco de Paula Santander<\/p>\n<p>$ 97.733 millones de aporte del Gobierno<\/p>\n<p>759 empleos<\/p>\n<p>M\u00e1s de 800.000 beneficiarios<\/p>\n<p><strong>7.- Planes en fase de viabilizaci\u00f3n <\/strong><\/p>\n<p>Optimizaci\u00f3n Redes Distribuci\u00f3n en Villa del Rosario y Los Patios,<\/p>\n<p>Optimizaci\u00f3n Sistema de Acueducto y Alcantarillado de los corregimientos Aguas Claras y Buenavista, en Oca\u00f1a<\/p>\n<p>Construcci\u00f3n Sistema de Acueducto en las Veredas Tabiro, Guaduas, Florida, Urimaco y Puente Zulia, en San Cayetano<\/p>\n<p>$ 35.799 millones de aporte del Gobierno<\/p>\n<p>398 empleos<\/p>\n<p>M\u00e1s de 150.000 beneficiarios<\/p>\n<p><strong>8.- PTAR C\u00facuta<\/strong><\/p>\n<p>Acueducto Metropolitano Francisco de Paula Santander<\/p>\n<p>$ 214.034 millones de aporte del Gobierno para 2022-2030.<\/p>\n<p><strong>9.- Compromiso con el campo y la Paz con Legalidad \u2013 Norte de Santander<\/strong><\/p>\n<p>Convenios Colombia Rural aprobados y en ejecuci\u00f3n<\/p>\n<p>39 proyectos<\/p>\n<p>36 municipios beneficiados<\/p>\n<p>3 municipios PDET<\/p>\n<p>$ 44.187 millones de aporte del Gobierno<\/p>\n<p>11.505 empleos<\/p>\n<p>Intervenci\u00f3n de 180 kil\u00f3metros de mejoramiento y mantenimiento y 2,2 kil\u00f3metros de placa huella.<\/p>\n<p><strong>10.- V\u00edas para la Legalidad<\/strong><\/p>\n<p>Dos proyectos que inician obras en este gobierno y terminan en 5 &#8211; 7 a\u00f1os<\/p>\n<p>En tr\u00e1mite de Conpes<\/p>\n<p>6238 nuevos empleos<\/p>\n<p>V\u00eda de la Soberan\u00eda ( La Lej\u00eda- Saravena) $ 420.000 millones<\/p>\n<p>Transversal del Catatumbo (Tib\u00fa- El tarra- Convenci\u00f3n) $ 330.000 millones.<\/p>\n<p>&nbsp;<\/p>\n<p><strong>11.- Obras p\u00fablicas<\/strong><\/p>\n<p>59 proyectos<\/p>\n<p>Concluir, concluir, concluir<\/p>\n<p>Dos v\u00edas para la legalidad<\/p>\n<p>54 v\u00edas rurales<\/p>\n<p>807 kil\u00f3metros intervenidos<\/p>\n<p>57 financiados en este gobierno<\/p>\n<p>1,16 billones de inversi\u00f3n total<\/p>\n<p>23.921 empleos<\/p>\n<p><strong>12.- Otros Proyectos y Obras Norte de Santander<\/strong><\/p>\n<p>Campo de F\u00fatbol en grama sint\u00e9tica y adecuaci\u00f3n Parque Cancha Maracan\u00e1<\/p>\n<p>$ 2837 millones<\/p>\n<p>Barrio Bel\u00e9n, C\u00facuta<\/p>\n","protected":false},"excerpt":{"rendered":"<p>C\u00daCUTA.- Ante la visita del presidente Iv\u00e1n Duque a C\u00facuta para entregar algunas obras y revisar otras, se conoci\u00f3 el siguiente balance de las ejecutorias del Gobierno en Norte de Santander. 1.- Entregas de Elementos de Protecci\u00f3n: 2.277.627 Total de equipos 165 ventiladores 165 monitores 165 bombas de infusi\u00f3n. Apoyos Sociales en Norte de Santander &hellip;<\/p>\n","protected":false},"author":1,"featured_media":36535,"comment_status":"open","ping_status":"open","sticky":false,"template":"","format":"standard","meta":{"footnotes":""},"categories":[4,32],"tags":[5119,5120,4638],"class_list":["post-36534","post","type-post","status-publish","format-standard","has-post-thumbnail","hentry","category-barra","category-recorrido-por-la-region","tag-balance-oficial","tag-gobierno-de-colombia","tag-presidencia-de-la-republica"],"_links":{"self":[{"href":"https:\/\/contraluzcucuta.co\/index.php?rest_route=\/wp\/v2\/posts\/36534","targetHints":{"allow":["GET"]}}],"collection":[{"href":"https:\/\/contraluzcucuta.co\/index.php?rest_route=\/wp\/v2\/posts"}],"about":[{"href":"https:\/\/contraluzcucuta.co\/index.php?rest_route=\/wp\/v2\/types\/post"}],"author":[{"embeddable":true,"href":"https:\/\/contraluzcucuta.co\/index.php?rest_route=\/wp\/v2\/users\/1"}],"replies":[{"embeddable":true,"href":"https:\/\/contraluzcucuta.co\/index.php?rest_route=%2Fwp%2Fv2%2Fcomments&post=36534"}],"version-history":[{"count":1,"href":"https:\/\/contraluzcucuta.co\/index.php?rest_route=\/wp\/v2\/posts\/36534\/revisions"}],"predecessor-version":[{"id":36536,"href":"https:\/\/contraluzcucuta.co\/index.php?rest_route=\/wp\/v2\/posts\/36534\/revisions\/36536"}],"wp:featuredmedia":[{"embeddable":true,"href":"https:\/\/contraluzcucuta.co\/index.php?rest_route=\/wp\/v2\/media\/36535"}],"wp:attachment":[{"href":"https:\/\/contraluzcucuta.co\/index.php?rest_route=%2Fwp%2Fv2%2Fmedia&parent=36534"}],"wp:term":[{"taxonomy":"category","embeddable":true,"href":"https:\/\/contraluzcucuta.co\/index.php?rest_route=%2Fwp%2Fv2%2Fcategories&post=36534"},{"taxonomy":"post_tag","embeddable":true,"href":"https:\/\/contraluzcucuta.co\/index.php?rest_route=%2Fwp%2Fv2%2Ftags&post=36534"}],"curies":[{"name":"wp","href":"https:\/\/api.w.org\/{rel}","templated":true}]}}