{"id":36492,"date":"2020-11-26T18:03:41","date_gmt":"2020-11-26T23:03:41","guid":{"rendered":"http:\/\/contraluzcucuta.co\/?p=36492"},"modified":"2020-11-26T18:03:41","modified_gmt":"2020-11-26T23:03:41","slug":"andesco-reconocimiento-a-cens-por-programa-energia-para-tu-vida","status":"publish","type":"post","link":"https:\/\/contraluzcucuta.co\/?p=36492","title":{"rendered":"ANDESCO. Reconocimiento a Cens por programa Energ\u00eda para tu vida"},"content":{"rendered":"<p style=\"padding-left: 40px; text-align: right;\"><strong><span style=\"color: #ff9900;\">C\u00daCUTA.- Centrales El\u00e9ctricas de Norte de Santander recibi\u00f3 el reconocimiento en el quinto Seminario de Servicio al Cliente, organizado por Andesco, por el programa Energ\u00eda para tu vida, en la categor\u00eda: Impacto social sobre los usuarios.<\/span><\/strong><\/p>\n<p>La Superintendencia de Servicios P\u00fablicos Domiciliarios y la Asociaci\u00f3n Nacional de Empresas de Servicios P\u00fablicos y Comunicaciones, destacaron 12 iniciativas implementadas por empresas prestadoras, durante el cierre de la segunda versi\u00f3n del \u201cReconocimiento a las Mejores Pr\u00e1cticas de Servicio a Usuarios\u201d.<\/p>\n<p>La superintendente de Servicios P\u00fablicos Domiciliarios, Natasha Avenda\u00f1o, asegur\u00f3 que la realidad de la salud p\u00fablica en el pa\u00eds requiere que los prestadores concentren a\u00fan m\u00e1s sus esfuerzos en la mejora continua del servicio a los usuarios.<\/p>\n<p>La alianza entre la Superservicios y Andesco destac\u00f3 el trabajo de las empresas en:<\/p>\n<p>1.- Desarrollo social<\/p>\n<p>2.- Promoci\u00f3n del correcto uso de los recursos<\/p>\n<p>3.- Fomento de la participaci\u00f3n ciudadana<\/p>\n<p>4.- Nuevas tecnolog\u00edas e innovaci\u00f3n.<\/p>\n<p>\u201cLas empresas han evolucionado de manera satisfactoria y espacios como \u00e9ste, en el que se reconoce ese esfuerzo, nos motivan a seguir trabajando por la calidad de vida de los colombianos desde el sector de los servicios p\u00fablicos. As\u00ed que les agradecemos su participaci\u00f3n y los esperamos con m\u00e1s iniciativas en el 2021\u201d, dijo el presidente de Andesco, Camilo S\u00e1nchez Ortega.<\/p>\n<p>Las categor\u00edas en las que se hicieron los reconocimientos son:<\/p>\n<p>1.- Funcionamiento de las oficinas presenciales o virtuales de atenci\u00f3n<\/p>\n<p>&#8211; Pasi\u00f3n por el servicio &#8211; Surtigas, Cartagena<\/p>\n<p>2.- Atenci\u00f3n de poblaci\u00f3n con discapacidad o en zonas de dif\u00edcil acceso<\/p>\n<p>&#8211; Energ\u00eda que transforma: un servicio incluyente &#8211; Electrificadora de Santander<\/p>\n<p>3.- Promoci\u00f3n del uso sostenible de los servicios p\u00fablicos domiciliarios<\/p>\n<p>&#8211; Educaci\u00f3n a clientes y comunidad para el uso sostenible de los servicios p\u00fablicos domiciliarios &#8211; Empresas P\u00fablicas de Medell\u00edn (EPM).<\/p>\n<p>4.- Impacto social sobre los usuarios<\/p>\n<p>&#8211; Energ\u00eda para tu vida \u2013 Cens, Norte de Santander<\/p>\n","protected":false},"excerpt":{"rendered":"<p>C\u00daCUTA.- Centrales El\u00e9ctricas de Norte de Santander recibi\u00f3 el reconocimiento en el quinto Seminario de Servicio al Cliente, organizado por Andesco, por el programa Energ\u00eda para tu vida, en la categor\u00eda: Impacto social sobre los usuarios. La Superintendencia de Servicios P\u00fablicos Domiciliarios y la Asociaci\u00f3n Nacional de Empresas de Servicios P\u00fablicos y Comunicaciones, destacaron 12 &hellip;<\/p>\n","protected":false},"author":1,"featured_media":36493,"comment_status":"open","ping_status":"open","sticky":false,"template":"","format":"standard","meta":{"footnotes":""},"categories":[4,6],"tags":[1063,1116],"class_list":["post-36492","post","type-post","status-publish","format-standard","has-post-thumbnail","hentry","category-barra","category-ojo-avizor","tag-cens","tag-centrales-electricas"],"_links":{"self":[{"href":"https:\/\/contraluzcucuta.co\/index.php?rest_route=\/wp\/v2\/posts\/36492","targetHints":{"allow":["GET"]}}],"collection":[{"href":"https:\/\/contraluzcucuta.co\/index.php?rest_route=\/wp\/v2\/posts"}],"about":[{"href":"https:\/\/contraluzcucuta.co\/index.php?rest_route=\/wp\/v2\/types\/post"}],"author":[{"embeddable":true,"href":"https:\/\/contraluzcucuta.co\/index.php?rest_route=\/wp\/v2\/users\/1"}],"replies":[{"embeddable":true,"href":"https:\/\/contraluzcucuta.co\/index.php?rest_route=%2Fwp%2Fv2%2Fcomments&post=36492"}],"version-history":[{"count":1,"href":"https:\/\/contraluzcucuta.co\/index.php?rest_route=\/wp\/v2\/posts\/36492\/revisions"}],"predecessor-version":[{"id":36494,"href":"https:\/\/contraluzcucuta.co\/index.php?rest_route=\/wp\/v2\/posts\/36492\/revisions\/36494"}],"wp:featuredmedia":[{"embeddable":true,"href":"https:\/\/contraluzcucuta.co\/index.php?rest_route=\/wp\/v2\/media\/36493"}],"wp:attachment":[{"href":"https:\/\/contraluzcucuta.co\/index.php?rest_route=%2Fwp%2Fv2%2Fmedia&parent=36492"}],"wp:term":[{"taxonomy":"category","embeddable":true,"href":"https:\/\/contraluzcucuta.co\/index.php?rest_route=%2Fwp%2Fv2%2Fcategories&post=36492"},{"taxonomy":"post_tag","embeddable":true,"href":"https:\/\/contraluzcucuta.co\/index.php?rest_route=%2Fwp%2Fv2%2Ftags&post=36492"}],"curies":[{"name":"wp","href":"https:\/\/api.w.org\/{rel}","templated":true}]}}