{"id":36487,"date":"2020-11-26T17:18:59","date_gmt":"2020-11-26T22:18:59","guid":{"rendered":"http:\/\/contraluzcucuta.co\/?p=36487"},"modified":"2020-11-26T17:20:41","modified_gmt":"2020-11-26T22:20:41","slug":"cero-coronavirus-alerta-roja-hospitalaria-en-cucuta","status":"publish","type":"post","link":"https:\/\/contraluzcucuta.co\/?p=36487","title":{"rendered":"CERO CORONAVIRUS. Alerta roja hospitalaria en C\u00facuta"},"content":{"rendered":"<p style=\"text-align: right; padding-left: 40px;\"><strong><span style=\"color: #ff9900;\">C\u00daCUTA.- Mediante decreto, la Alcald\u00eda de C\u00facuta declar\u00f3 la alerta roja en el sistema hospitalario del municipio. El objetivo es asegurar la sostenibilidad del porcentaje ocupacional de las camas UCI. De esta manera se mitigar\u00e1 el impacto de la pandemia.<\/span><\/strong><\/p>\n<p>Quedan restringidas las cirug\u00edas est\u00e9ticas y las programadas que no sean de car\u00e1cter urgente y que no comprometan la vida. Esta decisi\u00f3n se toma para no comprometer la capacidad hospitalaria y de UCI instalada. La secretar\u00eda de Salud har\u00e1 el seguimiento y la verificaci\u00f3n del cumplimiento de esta disposici\u00f3n.<\/p>\n<p>Se suspende el plan piloto para el consumo de bebidas embriagantes dentro de restaurantes, bares y otros establecimientos comerciales de las comunas 3, 4, 6, 7 y 8, hasta las 00:00 horas del 1 de diciembre.<\/p>\n<p>Despu\u00e9s de las 10:00 de la noche, los establecimientos podr\u00e1n prestar el servicio solo mediante plataformas digitales y a domicilio. Queda exceptuada de esta medida la Central de Abastos.<\/p>\n<p>Los dem\u00e1s establecimientos podr\u00e1n funcionar entre las 6:00 de la ma\u00f1ana y las 11:59 del 1 de diciembre.<\/p>\n<p>Pico y C\u00e9dula para:<\/p>\n<p>1.- Compra en supermercados y tiendas, y negocios dedicados a la venta de v\u00edveres y alimentos.<\/p>\n<p>2.- La utilizaci\u00f3n de servicios bancarios, pagos y similares en bancos, casas de cambio, casas de empe\u00f1o, almacenes de compraventa.<\/p>\n<p>Se mantendr\u00e1 el siguiente orden:<\/p>\n<p>1.- D\u00eda par. Podr\u00e1n salir los portadores de c\u00e9dulas terminadas en 2 \u2013 4 \u2013 6 \u2013 8 \u2013 0<\/p>\n<p>2.- D\u00eda impar. Podr\u00e1n salir los portadores de c\u00e9dulas terminadas en 1 \u2013 3- 5 \u2013 7 &#8211; 9.<\/p>\n<p>Quedan prohibidas las fiestas de graduaci\u00f3n o de fin de a\u00f1o en espacios p\u00fablicos y abiertos, en salones de eventos o festejos privados, y en zonas sociales de conjuntos residenciales.<\/p>\n<p>La polic\u00eda reforzar\u00e1 o instalar\u00e1 puestos de control en los puntos de ingreso al municipio, especialmente en:<\/p>\n<p>1.- Glorieta del Club Tennis<\/p>\n<p>2.- Autopista internacional \u2013 Glorieta de San Mateo<\/p>\n<p>3.- Anillo vial con avenida principal de Atalaya<\/p>\n<p>4.- Glorieta de El Escobal<\/p>\n<p>Tambi\u00e9n, se dispuso integrar el grupo \u00c9lite bioseguro con las secretar\u00edas de Desarrollo, Salud, Seguridad y Gesti\u00f3n del Riesgo, coordinado por la Polic\u00eda. Y Habr\u00e1 cerco Epidemiol\u00f3gico dirigido por la secretar\u00eda de Salud en las comunas 3, 4, 6, 7 y 8.<\/p>\n<p>La vigencia del decreto va hasta el primero de diciembre a las 00:00 horas.<\/p>\n<p>&nbsp;<\/p>\n","protected":false},"excerpt":{"rendered":"<p>C\u00daCUTA.- Mediante decreto, la Alcald\u00eda de C\u00facuta declar\u00f3 la alerta roja en el sistema hospitalario del municipio. El objetivo es asegurar la sostenibilidad del porcentaje ocupacional de las camas UCI. De esta manera se mitigar\u00e1 el impacto de la pandemia. Quedan restringidas las cirug\u00edas est\u00e9ticas y las programadas que no sean de car\u00e1cter urgente y &hellip;<\/p>\n","protected":false},"author":1,"featured_media":36488,"comment_status":"open","ping_status":"open","sticky":false,"template":"","format":"standard","meta":{"footnotes":""},"categories":[2625,4],"tags":[226,4999],"class_list":["post-36487","post","type-post","status-publish","format-standard","has-post-thumbnail","hentry","category-alcaldia-de-cucuta","category-barra","tag-alcaldia-de-cucuta","tag-cero-coronavirus"],"_links":{"self":[{"href":"https:\/\/contraluzcucuta.co\/index.php?rest_route=\/wp\/v2\/posts\/36487","targetHints":{"allow":["GET"]}}],"collection":[{"href":"https:\/\/contraluzcucuta.co\/index.php?rest_route=\/wp\/v2\/posts"}],"about":[{"href":"https:\/\/contraluzcucuta.co\/index.php?rest_route=\/wp\/v2\/types\/post"}],"author":[{"embeddable":true,"href":"https:\/\/contraluzcucuta.co\/index.php?rest_route=\/wp\/v2\/users\/1"}],"replies":[{"embeddable":true,"href":"https:\/\/contraluzcucuta.co\/index.php?rest_route=%2Fwp%2Fv2%2Fcomments&post=36487"}],"version-history":[{"count":2,"href":"https:\/\/contraluzcucuta.co\/index.php?rest_route=\/wp\/v2\/posts\/36487\/revisions"}],"predecessor-version":[{"id":36491,"href":"https:\/\/contraluzcucuta.co\/index.php?rest_route=\/wp\/v2\/posts\/36487\/revisions\/36491"}],"wp:featuredmedia":[{"embeddable":true,"href":"https:\/\/contraluzcucuta.co\/index.php?rest_route=\/wp\/v2\/media\/36488"}],"wp:attachment":[{"href":"https:\/\/contraluzcucuta.co\/index.php?rest_route=%2Fwp%2Fv2%2Fmedia&parent=36487"}],"wp:term":[{"taxonomy":"category","embeddable":true,"href":"https:\/\/contraluzcucuta.co\/index.php?rest_route=%2Fwp%2Fv2%2Fcategories&post=36487"},{"taxonomy":"post_tag","embeddable":true,"href":"https:\/\/contraluzcucuta.co\/index.php?rest_route=%2Fwp%2Fv2%2Ftags&post=36487"}],"curies":[{"name":"wp","href":"https:\/\/api.w.org\/{rel}","templated":true}]}}