{"id":36483,"date":"2020-11-24T15:15:24","date_gmt":"2020-11-24T20:15:24","guid":{"rendered":"http:\/\/contraluzcucuta.co\/?p=36483"},"modified":"2020-11-24T15:18:14","modified_gmt":"2020-11-24T20:18:14","slug":"formacion-en-linea-empropaz-abre-convocatoria-para-emprendedores-de-norte-de-santander","status":"publish","type":"post","link":"https:\/\/contraluzcucuta.co\/?p=36483","title":{"rendered":"FORMACI\u00d3N EN L\u00cdNEA. Empropaz abre convocatoria para emprendedores de Norte de Santander"},"content":{"rendered":"<p style=\"padding-left: 40px; text-align: right;\"><strong><span style=\"color: #ff9900;\">C\u00daCUTA.- Empropaz invit\u00f3 a quienes tengan una idea de negocio o tengan menos de 10 meses con una actividad productiva en Convenci\u00f3n, C\u00facuta, Oca\u00f1a, Los Patios y El Zulia para asistan a la convocatoria virtual, el 26 de noviembre de 3:00 a 4:00 de la tarde. En el espacio virtual podr\u00e1n conocer el modelo en L\u00ednea, c\u00f3mo es el proceso de formaci\u00f3n y acompa\u00f1amiento, y c\u00f3mo pueden vincularse.<\/span><\/strong><\/p>\n<p>El programa, durante los dos \u00faltimos a\u00f1os, ha acompa\u00f1ado el desarrollo socioempresarial de m\u00e1s de 56.500 emprendedores y microempresarios en municipios afectados por la violencia y la pobreza. El prop\u00f3sito es contribuir con el desarrollo empresarial del pa\u00eds.<\/p>\n<p>La nueva modalidad, Empropaz en l\u00ednea, abre la oportunidad para que m\u00e1s nortesantandereanos con visi\u00f3n emprendedora adquieran capacidades que se reflejen en el nacimiento de negocios.<\/p>\n<p>El proceso de formaci\u00f3n cuenta con m\u00e1s de 25 m\u00f3dulos, entre los que destacan:<\/p>\n<p>1.- Capacidad de reinventarse<\/p>\n<p>2.- Presupuesto personal y familiar<\/p>\n<p>3.- Entorno empresarial y cadenas de valor<\/p>\n<p>4.- Funciones b\u00e1sicas de la empresa<\/p>\n<p>5.- Estrategias de servicio y fidelizaci\u00f3n de los clientes<\/p>\n<p>6.- Planeaci\u00f3n estrat\u00e9gica de la organizaci\u00f3n.<\/p>\n<p>Al igual que el programa presencial, Empropaz en L\u00ednea cuenta con Oficiales de Productividad (ODP) -como se denomina a los asesores- quienes, en un trabajo en conjunto, arman la ruta de formaci\u00f3n seg\u00fan las necesidades particulares de cada emprendedor que incluye ense\u00f1anza, gu\u00eda y acompa\u00f1amiento durante cada etapa.<\/p>\n<p>El modelo abarca componentes grupales. Los emprendedores intercambian conocimientos y experiencias, plantean dudas y trabajan en comunidad para ayudarse en pro de potencializar la experiencia de sus negocios.<\/p>\n<p>Empropaz se lleva a cabo con el liderazgo de Bancam\u00eda, entidad de la Fundaci\u00f3n Microfinanzas BBVA, en alianza con la Agencia de Estados Unidos para el Desarrollo Internacional (Usaid) en Colombia, la Corporaci\u00f3n Mundial de la Mujer Colombia y la Corporaci\u00f3n Mundial de la Mujer Medell\u00edn.<\/p>\n","protected":false},"excerpt":{"rendered":"<p>C\u00daCUTA.- Empropaz invit\u00f3 a quienes tengan una idea de negocio o tengan menos de 10 meses con una actividad productiva en Convenci\u00f3n, C\u00facuta, Oca\u00f1a, Los Patios y El Zulia para asistan a la convocatoria virtual, el 26 de noviembre de 3:00 a 4:00 de la tarde. En el espacio virtual podr\u00e1n conocer el modelo en &hellip;<\/p>\n","protected":false},"author":1,"featured_media":36484,"comment_status":"open","ping_status":"open","sticky":false,"template":"","format":"standard","meta":{"footnotes":""},"categories":[4,36],"tags":[5108,4686],"class_list":["post-36483","post","type-post","status-publish","format-standard","has-post-thumbnail","hentry","category-barra","category-la-voz-del-pueblo","tag-empropaz","tag-microempresarios-migrantes"],"_links":{"self":[{"href":"https:\/\/contraluzcucuta.co\/index.php?rest_route=\/wp\/v2\/posts\/36483","targetHints":{"allow":["GET"]}}],"collection":[{"href":"https:\/\/contraluzcucuta.co\/index.php?rest_route=\/wp\/v2\/posts"}],"about":[{"href":"https:\/\/contraluzcucuta.co\/index.php?rest_route=\/wp\/v2\/types\/post"}],"author":[{"embeddable":true,"href":"https:\/\/contraluzcucuta.co\/index.php?rest_route=\/wp\/v2\/users\/1"}],"replies":[{"embeddable":true,"href":"https:\/\/contraluzcucuta.co\/index.php?rest_route=%2Fwp%2Fv2%2Fcomments&post=36483"}],"version-history":[{"count":1,"href":"https:\/\/contraluzcucuta.co\/index.php?rest_route=\/wp\/v2\/posts\/36483\/revisions"}],"predecessor-version":[{"id":36485,"href":"https:\/\/contraluzcucuta.co\/index.php?rest_route=\/wp\/v2\/posts\/36483\/revisions\/36485"}],"wp:featuredmedia":[{"embeddable":true,"href":"https:\/\/contraluzcucuta.co\/index.php?rest_route=\/wp\/v2\/media\/36484"}],"wp:attachment":[{"href":"https:\/\/contraluzcucuta.co\/index.php?rest_route=%2Fwp%2Fv2%2Fmedia&parent=36483"}],"wp:term":[{"taxonomy":"category","embeddable":true,"href":"https:\/\/contraluzcucuta.co\/index.php?rest_route=%2Fwp%2Fv2%2Fcategories&post=36483"},{"taxonomy":"post_tag","embeddable":true,"href":"https:\/\/contraluzcucuta.co\/index.php?rest_route=%2Fwp%2Fv2%2Ftags&post=36483"}],"curies":[{"name":"wp","href":"https:\/\/api.w.org\/{rel}","templated":true}]}}