{"id":36480,"date":"2020-11-24T12:26:58","date_gmt":"2020-11-24T17:26:58","guid":{"rendered":"http:\/\/contraluzcucuta.co\/?p=36480"},"modified":"2020-11-24T12:26:58","modified_gmt":"2020-11-24T17:26:58","slug":"acciones-integrales-2020-programan-encuentros-con-empresarios-y-poblacion-de-acogida-en-norte-de-santander","status":"publish","type":"post","link":"https:\/\/contraluzcucuta.co\/?p=36480","title":{"rendered":"ACCIONES INTEGRALES 2020. Programan encuentros con Empresarios y Poblaci\u00f3n de Acogida, en Norte de Santander"},"content":{"rendered":"<p style=\"padding-left: 40px; text-align: right;\"><strong><span style=\"color: #ff9900;\">C\u00daCUTA.- La Estrategia de Acciones Integrales 2020, que tiene como objetivo generar espacios de di\u00e1logo con los actores que intervienen y juegan rol importante en la inserci\u00f3n laboral de la poblaci\u00f3n migrante y retornada proveniente de Venezuela, se implementar\u00e1 en Norte de Santander.<\/span><\/strong><\/p>\n<p>La puesta en marcha de la iniciativa, que hace parte de la Estrategia de Generaci\u00f3n de Ingresos para la poblaci\u00f3n migrante proveniente de Venezuela, es liderada por la Presidencia de la Rep\u00fablica de Colombia y el Ministerio del Trabajo, con apoyo de la Agencia de los Estados Unidos para el Desarrollo Internacional (Usaid) y la Organizaci\u00f3n Internacional para las Migraciones (OIM).<\/p>\n<p>En desarrollo de las Acciones Integrales 2020 se adelantar\u00e1n dos jornadas:<\/p>\n<p>1.- Encuentro con Empresarios<\/p>\n<p>2.-Encuentro con Poblaci\u00f3n de Acogida.<\/p>\n<p>Durante las jornadas el Grupo de Gesti\u00f3n de la Pol\u00edtica de Migraci\u00f3n Laboral del Ministerio del Trabajo orientar\u00e1 a los Empresarios sobre contrataci\u00f3n, har\u00e1 un ejercicio de retroalimentaci\u00f3n con la Poblaci\u00f3n de Acogida y explicar\u00e1 las iniciativas con las que cuenta el Gobierno para atender a la Poblaci\u00f3n Migrante Proveniente de Venezuela y a la Poblaci\u00f3n Retornada.<\/p>\n<p>En atenci\u00f3n a las medidas de emergencia sanitaria, los encuentros se llevar\u00e1n a cabo de manera virtual.<\/p>\n","protected":false},"excerpt":{"rendered":"<p>C\u00daCUTA.- La Estrategia de Acciones Integrales 2020, que tiene como objetivo generar espacios de di\u00e1logo con los actores que intervienen y juegan rol importante en la inserci\u00f3n laboral de la poblaci\u00f3n migrante y retornada proveniente de Venezuela, se implementar\u00e1 en Norte de Santander. La puesta en marcha de la iniciativa, que hace parte de la &hellip;<\/p>\n","protected":false},"author":1,"featured_media":36481,"comment_status":"open","ping_status":"open","sticky":false,"template":"","format":"standard","meta":{"footnotes":""},"categories":[4,6],"tags":[5112,4766,5113,3223],"class_list":["post-36480","post","type-post","status-publish","format-standard","has-post-thumbnail","hentry","category-barra","category-ojo-avizor","tag-acciones-integrales-2020","tag-mintrabajo","tag-oim","tag-usaid"],"_links":{"self":[{"href":"https:\/\/contraluzcucuta.co\/index.php?rest_route=\/wp\/v2\/posts\/36480","targetHints":{"allow":["GET"]}}],"collection":[{"href":"https:\/\/contraluzcucuta.co\/index.php?rest_route=\/wp\/v2\/posts"}],"about":[{"href":"https:\/\/contraluzcucuta.co\/index.php?rest_route=\/wp\/v2\/types\/post"}],"author":[{"embeddable":true,"href":"https:\/\/contraluzcucuta.co\/index.php?rest_route=\/wp\/v2\/users\/1"}],"replies":[{"embeddable":true,"href":"https:\/\/contraluzcucuta.co\/index.php?rest_route=%2Fwp%2Fv2%2Fcomments&post=36480"}],"version-history":[{"count":1,"href":"https:\/\/contraluzcucuta.co\/index.php?rest_route=\/wp\/v2\/posts\/36480\/revisions"}],"predecessor-version":[{"id":36482,"href":"https:\/\/contraluzcucuta.co\/index.php?rest_route=\/wp\/v2\/posts\/36480\/revisions\/36482"}],"wp:featuredmedia":[{"embeddable":true,"href":"https:\/\/contraluzcucuta.co\/index.php?rest_route=\/wp\/v2\/media\/36481"}],"wp:attachment":[{"href":"https:\/\/contraluzcucuta.co\/index.php?rest_route=%2Fwp%2Fv2%2Fmedia&parent=36480"}],"wp:term":[{"taxonomy":"category","embeddable":true,"href":"https:\/\/contraluzcucuta.co\/index.php?rest_route=%2Fwp%2Fv2%2Fcategories&post=36480"},{"taxonomy":"post_tag","embeddable":true,"href":"https:\/\/contraluzcucuta.co\/index.php?rest_route=%2Fwp%2Fv2%2Ftags&post=36480"}],"curies":[{"name":"wp","href":"https:\/\/api.w.org\/{rel}","templated":true}]}}