{"id":36477,"date":"2020-11-24T11:54:25","date_gmt":"2020-11-24T16:54:25","guid":{"rendered":"http:\/\/contraluzcucuta.co\/?p=36477"},"modified":"2020-11-24T11:54:25","modified_gmt":"2020-11-24T16:54:25","slug":"tercer-dia-sin-iva-superadas-las-expectativas-se-vendieron-58-billones","status":"publish","type":"post","link":"https:\/\/contraluzcucuta.co\/?p=36477","title":{"rendered":"TERCER D\u00cdA SIN IVA. Superadas las expectativas, se vendieron $ 5,8 billones\u00a0\u00a0\u00a0"},"content":{"rendered":"<p style=\"padding-left: 40px; text-align: right;\"><strong><span style=\"color: #ff9900;\">BOGOT\u00c1. El tercer d\u00eda sin IVA en el pa\u00eds permiti\u00f3 ventas por $ 5,8 billones. La meta era de $ 5,0 billones. \u201c\u00bfY esto qu\u00e9 significa?\u201d, se pregunt\u00f3 el ministro de Comercio, Industria y Turismo, Jos\u00e9 Manuel Restrepo. Y su respuesta fue que \u201cen este tercer D\u00eda sin IVA vendimos 40 % m\u00e1s del promedio que tuvimos en los dos primeros d\u00edas sin IVA\u201d. En las tres jornadas se lograron ventas por $ 13,9 billones.<\/span><\/strong><\/p>\n<p>Los sectores que m\u00e1s crecieron son los que tienen alta preponderancia y participaci\u00f3n en la producci\u00f3n nacional.<\/p>\n<p>1.- Prendas de vestir, crecieron al 292 % en ventas respecto del segundo d\u00eda sin IVA<\/p>\n<p>2.- Calzado, creci\u00f3 al 389 %<\/p>\n<p>3.- Textiles, \u00fatiles escolares y elementos deportivos.<\/p>\n<p>El comercio electr\u00f3nico sigue consolid\u00e1ndose como canal de venta de la peque\u00f1a, mediana y gran empresa. Sobrepas\u00f3 los $ 450 millones en ventas. \u201cEsto es importante tenerlo presente, porque un d\u00eda normal, un d\u00eda tradicional, un s\u00e1bado tradicional se venden $ 50 millones. Tuvimos nueve veces lo que se vende en un s\u00e1bado tradicional en el D\u00eda sin IVA\u201d, se\u00f1al\u00f3 el Alto Consejero Presidencial para Asuntos Econ\u00f3micos y Transformaci\u00f3n Digital, V\u00edctor Mu\u00f1oz<\/p>\n<p>El comercio electr\u00f3nico est\u00e1 preparado para recibir el Viernes Negro, que se cumplir\u00e1 el 27 de noviembre. Las plataformas y las promociones trabajan en los temas de ciberseguridad.<\/p>\n<p>El presidente de la Federaci\u00f3n Nacional de Comerciantes (Fenalco), Jaime Alberto Cabal, le agradeci\u00f3 al Gobierno haber implementado esta iniciativa con la que se contribuy\u00f3 a reactivar la econom\u00eda y a proteger el empleo.<\/p>\n<p>\u201cHa contribuido enormemente a reactivar las ventas del comercio, por supuesto, la econom\u00eda y el empleo\u201d, argument\u00f3 Cabal.<\/p>\n","protected":false},"excerpt":{"rendered":"<p>BOGOT\u00c1. El tercer d\u00eda sin IVA en el pa\u00eds permiti\u00f3 ventas por $ 5,8 billones. La meta era de $ 5,0 billones. \u201c\u00bfY esto qu\u00e9 significa?\u201d, se pregunt\u00f3 el ministro de Comercio, Industria y Turismo, Jos\u00e9 Manuel Restrepo. Y su respuesta fue que \u201cen este tercer D\u00eda sin IVA vendimos 40 % m\u00e1s del promedio &hellip;<\/p>\n","protected":false},"author":1,"featured_media":36478,"comment_status":"open","ping_status":"open","sticky":false,"template":"","format":"standard","meta":{"footnotes":""},"categories":[4,347],"tags":[5111,4984,5110],"class_list":["post-36477","post","type-post","status-publish","format-standard","has-post-thumbnail","hentry","category-barra","category-medio-ambiente","tag-comercio-electronico","tag-dia-sin-iva","tag-mincomercio"],"_links":{"self":[{"href":"https:\/\/contraluzcucuta.co\/index.php?rest_route=\/wp\/v2\/posts\/36477","targetHints":{"allow":["GET"]}}],"collection":[{"href":"https:\/\/contraluzcucuta.co\/index.php?rest_route=\/wp\/v2\/posts"}],"about":[{"href":"https:\/\/contraluzcucuta.co\/index.php?rest_route=\/wp\/v2\/types\/post"}],"author":[{"embeddable":true,"href":"https:\/\/contraluzcucuta.co\/index.php?rest_route=\/wp\/v2\/users\/1"}],"replies":[{"embeddable":true,"href":"https:\/\/contraluzcucuta.co\/index.php?rest_route=%2Fwp%2Fv2%2Fcomments&post=36477"}],"version-history":[{"count":1,"href":"https:\/\/contraluzcucuta.co\/index.php?rest_route=\/wp\/v2\/posts\/36477\/revisions"}],"predecessor-version":[{"id":36479,"href":"https:\/\/contraluzcucuta.co\/index.php?rest_route=\/wp\/v2\/posts\/36477\/revisions\/36479"}],"wp:featuredmedia":[{"embeddable":true,"href":"https:\/\/contraluzcucuta.co\/index.php?rest_route=\/wp\/v2\/media\/36478"}],"wp:attachment":[{"href":"https:\/\/contraluzcucuta.co\/index.php?rest_route=%2Fwp%2Fv2%2Fmedia&parent=36477"}],"wp:term":[{"taxonomy":"category","embeddable":true,"href":"https:\/\/contraluzcucuta.co\/index.php?rest_route=%2Fwp%2Fv2%2Fcategories&post=36477"},{"taxonomy":"post_tag","embeddable":true,"href":"https:\/\/contraluzcucuta.co\/index.php?rest_route=%2Fwp%2Fv2%2Ftags&post=36477"}],"curies":[{"name":"wp","href":"https:\/\/api.w.org\/{rel}","templated":true}]}}