{"id":36472,"date":"2020-11-24T11:16:42","date_gmt":"2020-11-24T16:16:42","guid":{"rendered":"http:\/\/contraluzcucuta.co\/?p=36472"},"modified":"2020-11-24T11:16:42","modified_gmt":"2020-11-24T16:16:42","slug":"entornos-protectores-talento-y-creatividad-en-la-final-del-concurso-de-arte-reconciliacion-y-paz","status":"publish","type":"post","link":"https:\/\/contraluzcucuta.co\/?p=36472","title":{"rendered":"ENTORNOS PROTECTORES. Talento y creatividad en la final del Concurso de arte: reconciliaci\u00f3n y paz"},"content":{"rendered":"<p style=\"padding-left: 40px; text-align: right;\"><strong><span style=\"color: #ff9900;\">C\u00facuta.- Kleider Yesid Ortega, de C\u00facuta; C\u00e9sar Hern\u00e1n Salas, de El Zulia, y Efry Emanuel Parra, de Tib\u00fa, son los ganadores del \u2018Concurso de arte: reconciliaci\u00f3n y paz\u2019. La iniciativa comunitaria es liderada por la Agencia para la Reincorporaci\u00f3n y la Normalizaci\u00f3n (ARN) en Norte de Santander. Este a\u00f1o, participaron de cerca de mil estudiantes e hijos de excombatientes en proceso de reincorporaci\u00f3n y reintegraci\u00f3n.<\/span><\/strong><\/p>\n<p>Las categor\u00edas y los ganadores son:<\/p>\n<p>1.- Cuento corto. Kleider Yesid Ortega Gualdr\u00f3n, de la Instituci\u00f3n Educativa Colegio Andr\u00e9s Bello, de C\u00facuta.<\/p>\n<p>2.- Pintura o dibujo. C\u00e9sar Hern\u00e1n Salas Pe\u00f1aranda, del colegio Francisco de Paula Santander, de El Zulia.<\/p>\n<p>3.- Canci\u00f3n e interpretaci\u00f3n musical. Efry Emanuel Parra, del Instituto Horacio Olave Velandia, de Tib\u00fa.<\/p>\n<p>El concurso hace parte de la estrategia liderada por la ARN para el fortalecimiento de entornos protectores. Promueve el talento de ni\u00f1os, \u00a0adolescentes y j\u00f3venes, favoreciendo al m\u00e1ximo el aprovechamiento de su tiempo libre.<\/p>\n<p>En la final del concurso, el jurado, compuesto por expertos en pintura, composici\u00f3n e interpretaci\u00f3n musical y cuento o poes\u00eda, exalt\u00f3 la calidad de los trabajos que contienen el clamor de los estudiantes por medio de las manifestaciones art\u00edsticas que quieren la paz en sus territorios.<\/p>\n<p>La ARN en Norte de Santander orienta este espacio en el departamento hace 7 a\u00f1os. \u201cHoy, somos afortunados como entidad al aportar al fortalecimiento de entornos protectores\u201d, dijo Luis Armando Carre\u00f1o, coordinador de la Agencia.<\/p>\n<p><a href=\"https:\/\/contraluzcucuta.co\/wp-content\/uploads\/2020\/11\/CONCURSO-ARN-2.png\"><img loading=\"lazy\" decoding=\"async\" class=\"alignnone size-medium wp-image-36474\" src=\"https:\/\/contraluzcucuta.co\/wp-content\/uploads\/2020\/11\/CONCURSO-ARN-2-300x164.png\" alt=\"\" width=\"300\" height=\"164\" srcset=\"https:\/\/contraluzcucuta.co\/wp-content\/uploads\/2020\/11\/CONCURSO-ARN-2-300x164.png 300w, https:\/\/contraluzcucuta.co\/wp-content\/uploads\/2020\/11\/CONCURSO-ARN-2-600x329.png 600w, https:\/\/contraluzcucuta.co\/wp-content\/uploads\/2020\/11\/CONCURSO-ARN-2-768x421.png 768w, https:\/\/contraluzcucuta.co\/wp-content\/uploads\/2020\/11\/CONCURSO-ARN-2.png 796w\" sizes=\"auto, (max-width: 300px) 100vw, 300px\" \/><\/a> <a href=\"https:\/\/contraluzcucuta.co\/wp-content\/uploads\/2020\/11\/CONCURSO-ARN-3.png\"><img loading=\"lazy\" decoding=\"async\" class=\"alignnone size-medium wp-image-36475\" src=\"https:\/\/contraluzcucuta.co\/wp-content\/uploads\/2020\/11\/CONCURSO-ARN-3-300x165.png\" alt=\"\" width=\"300\" height=\"165\" srcset=\"https:\/\/contraluzcucuta.co\/wp-content\/uploads\/2020\/11\/CONCURSO-ARN-3-300x165.png 300w, https:\/\/contraluzcucuta.co\/wp-content\/uploads\/2020\/11\/CONCURSO-ARN-3-600x329.png 600w, https:\/\/contraluzcucuta.co\/wp-content\/uploads\/2020\/11\/CONCURSO-ARN-3-768x422.png 768w, https:\/\/contraluzcucuta.co\/wp-content\/uploads\/2020\/11\/CONCURSO-ARN-3.png 794w\" sizes=\"auto, (max-width: 300px) 100vw, 300px\" \/><\/a><\/p>\n<p>El aislamiento preventivo no fue una barrera insuperable para llevar a cabo el Concurso, y se adopt\u00f3 de manera virtual. \u201cEsta experiencia nos permite ratificar que, para trabajar en pro de nuestros ni\u00f1os y adolescentes, debemos ser creativos como ellos bien nos lo han ense\u00f1ado\u201d, afirm\u00f3 Carre\u00f1o.<\/p>\n<p>C\u00e9sar Salas, ganador en pintura, dijo que participar en estos espacios fortalece las capacidades art\u00edsticas. \u201cSe vuelve testimonio de fe para lograr la reconciliaci\u00f3n y la paz en esta regi\u00f3n de Colombia que ha sido golpeada por la violencia, pero que renace con estos mensajes de quienes somos el presente y futuro del pa\u00eds\u201d.<\/p>\n<p>El jurado para cada categor\u00eda estuvo conformado por:<\/p>\n<p>1.- Cuento o poes\u00eda: Jaqueline Maldonado Avenda\u00f1o, artista y mag\u00edster en paz<\/p>\n<p>2.- Pintura o dibujo. Carlos Alberto Sandoval, fundador y director de la Academia de Bellas Artes \u2018Tallando Talentos\u2019<\/p>\n<p>3.- composici\u00f3n e interpretaci\u00f3n musical. Jorge Enrique Botello Sanguino, Ahiman, m\u00fasico de la regi\u00f3n.<\/p>\n","protected":false},"excerpt":{"rendered":"<p>C\u00facuta.- Kleider Yesid Ortega, de C\u00facuta; C\u00e9sar Hern\u00e1n Salas, de El Zulia, y Efry Emanuel Parra, de Tib\u00fa, son los ganadores del \u2018Concurso de arte: reconciliaci\u00f3n y paz\u2019. La iniciativa comunitaria es liderada por la Agencia para la Reincorporaci\u00f3n y la Normalizaci\u00f3n (ARN) en Norte de Santander. Este a\u00f1o, participaron de cerca de mil estudiantes &hellip;<\/p>\n","protected":false},"author":1,"featured_media":36473,"comment_status":"open","ping_status":"open","sticky":false,"template":"","format":"standard","meta":{"footnotes":""},"categories":[4,37],"tags":[4569,5109,5093],"class_list":["post-36472","post","type-post","status-publish","format-standard","has-post-thumbnail","hentry","category-barra","category-paseo-cultural","tag-arn","tag-entornos-protectores","tag-reconciliacion-y-paz"],"_links":{"self":[{"href":"https:\/\/contraluzcucuta.co\/index.php?rest_route=\/wp\/v2\/posts\/36472","targetHints":{"allow":["GET"]}}],"collection":[{"href":"https:\/\/contraluzcucuta.co\/index.php?rest_route=\/wp\/v2\/posts"}],"about":[{"href":"https:\/\/contraluzcucuta.co\/index.php?rest_route=\/wp\/v2\/types\/post"}],"author":[{"embeddable":true,"href":"https:\/\/contraluzcucuta.co\/index.php?rest_route=\/wp\/v2\/users\/1"}],"replies":[{"embeddable":true,"href":"https:\/\/contraluzcucuta.co\/index.php?rest_route=%2Fwp%2Fv2%2Fcomments&post=36472"}],"version-history":[{"count":1,"href":"https:\/\/contraluzcucuta.co\/index.php?rest_route=\/wp\/v2\/posts\/36472\/revisions"}],"predecessor-version":[{"id":36476,"href":"https:\/\/contraluzcucuta.co\/index.php?rest_route=\/wp\/v2\/posts\/36472\/revisions\/36476"}],"wp:featuredmedia":[{"embeddable":true,"href":"https:\/\/contraluzcucuta.co\/index.php?rest_route=\/wp\/v2\/media\/36473"}],"wp:attachment":[{"href":"https:\/\/contraluzcucuta.co\/index.php?rest_route=%2Fwp%2Fv2%2Fmedia&parent=36472"}],"wp:term":[{"taxonomy":"category","embeddable":true,"href":"https:\/\/contraluzcucuta.co\/index.php?rest_route=%2Fwp%2Fv2%2Fcategories&post=36472"},{"taxonomy":"post_tag","embeddable":true,"href":"https:\/\/contraluzcucuta.co\/index.php?rest_route=%2Fwp%2Fv2%2Ftags&post=36472"}],"curies":[{"name":"wp","href":"https:\/\/api.w.org\/{rel}","templated":true}]}}