{"id":36437,"date":"2020-11-18T09:49:59","date_gmt":"2020-11-18T14:49:59","guid":{"rendered":"http:\/\/contraluzcucuta.co\/?p=36437"},"modified":"2020-11-18T09:49:59","modified_gmt":"2020-11-18T14:49:59","slug":"cucuta-deportivo-union-de-fuerzas-para-afrontar-proceso-de-liquidacion","status":"publish","type":"post","link":"https:\/\/contraluzcucuta.co\/?p=36437","title":{"rendered":"C\u00daCUTA DEPORTIVO. Uni\u00f3n de fuerzas para afrontar proceso de liquidaci\u00f3n"},"content":{"rendered":"<p style=\"padding-left: 40px; text-align: right;\"><strong><span style=\"color: #ff9900;\">C\u00daCUTA.- Un comit\u00e9 deportivo, que se conformar\u00e1 en los pr\u00f3ximos d\u00edas, tendr\u00e1 la tarea de liderar el proceso de recuperaci\u00f3n del C\u00facuta Deportivo para la ciudad. La decisi\u00f3n se tom\u00f3 luego de que la Superintendencia de Sociedades declarara la liquidaci\u00f3n del equipo. La crisis econ\u00f3mica que afronta el club llev\u00f3 a esta situaci\u00f3n.<\/span><\/strong><\/p>\n<p>El impago de los compromisos del equipo con acreedores y jugadores atizaron el momento dif\u00edcil que vive la escuadra rojinegra. Para complemento, el Ministerio del Deporte podr\u00eda retirarle el reconocimiento al club.<\/p>\n<p>Estas medidas dr\u00e1sticas no permitieron que el C\u00facuta Deportivo disputara los \u00faltimos dos compromisos de Liga y perdiera en el escritorio los seis puntos en disputa. Al final del campeonato, todos contra todos, el once motil\u00f3n ocup\u00f3 la \u00faltima casilla con 14 puntos. Jug\u00f3 20 partidos, gan\u00f3 3, empat\u00f3 5 y perdi\u00f3 12. Fue el equipo que recibi\u00f3 el mayor n\u00famero de goles (38) y el quinto con m\u00e1s baja productividad en el arco contrario\u00a0\u00a0\u00a0\u00a0\u00a0\u00a0\u00a0 (anot\u00f3 18 goles).<\/p>\n<p>&#8220;Desde la administraci\u00f3n municipal y el IMRD, brindaremos un acompa\u00f1amiento completo y firme al proceso&#8221;, dijo \u00d3scar Montes, director del IMRD, al t\u00e9rmino de la reuni\u00f3n sostenida con el alcalde Jairo Y\u00e1\u00f1ez, el t\u00e9cnico encargado David Su\u00e1rez y los jugadores Diego Peralta, capit\u00e1n del equipo, y Juan Camilo Chaverra.<\/p>\n<p>Los aficionados han descargado la furia contra el mayor accionista del equipo Jos\u00e9 Augusto Cadena y lo culpan por lo sucedido con el cuadro fronterizo. En el pasado, el dirigente tuvo inconvenientes en Atl\u00e9tico Bucaramanga y Patriotas, elencos a los que dej\u00f3 mal parados econ\u00f3mica y deportivamente.<\/p>\n<p>El alcalde Y\u00e1\u00f1ez anunci\u00f3 que est\u00e1n en la etapa de concretar acciones que \u201cdemuestran que con C\u00facuta no se juega\u201d. Desde el exterior el t\u00e9cnico Jorge Luis Pinto ofreci\u00f3 sus oficios para emprender la campa\u00f1a de rescate del equipo. No ser\u00e1 en calidad de t\u00e9cnico, sino como parte del grupo que tome las riendas del club para sacarlo del hueco en el que lo ha dejado Cadena.<\/p>\n<p>\u201cRescatarlo ser\u00e1 un esfuerzo de todos. S\u00e9 que con el apoyo de la hinchada y de la ciudadan\u00eda, en corto tiempo lo lograremos\u201d, dijo Y\u00e1\u00f1ez. Reconoci\u00f3 que en \u201cC\u00facuta respiramos f\u00fatbol. La sangre rojinegra corre por nuestras venas&#8221;. En el 2006, alcanz\u00f3 la primera y \u00fanica estrella del f\u00fatbol profesional colombiano, de la mano de Pinto.<\/p>\n<p>En los dos a\u00f1os siguientes cumpli\u00f3 la mejor campa\u00f1a, de todos los tiempos, al disputar la Copa Libertadores y ganarle equipos encopetados de Sudam\u00e9rica y M\u00e9xico. Esos son los tiempos que a\u00f1oran los aficionados.<\/p>\n<p>Los jugadores Peralta y Chaverra, en representaci\u00f3n de sus compoa\u00f1eros de escuadra, expresaron agradecimiento por las intenciones que se tienen de revivir al equipo. Manifestaron inter\u00e9s por volver a las canchas y solicitaron pronta soluci\u00f3n financiera y administrativa ante el proceso que vive el C\u00facuta Deportivo.<\/p>\n<p>La reuni\u00f3n se cumpli\u00f3 en el auditorio de prensa del estadio General Santander con representantes de la Alcald\u00eda de C\u00facuta, el Instituto Municipal para la Recreaci\u00f3n y el Deporte (IMRD), y voceros de los jugadores y del cuerpo t\u00e9cnico. Los asistentes expresaron a la fanaticada el firme prop\u00f3sito de acompa\u00f1ar al C\u00facuta Deportivo.<\/p>\n<p>El siguiente paso, ser\u00e1 promover el optimismo para la recuperaci\u00f3n del equipo, mediante la gesti\u00f3n liderada por el alcalde Jairo Y\u00e1\u00f1ez.<\/p>\n","protected":false},"excerpt":{"rendered":"<p>C\u00daCUTA.- Un comit\u00e9 deportivo, que se conformar\u00e1 en los pr\u00f3ximos d\u00edas, tendr\u00e1 la tarea de liderar el proceso de recuperaci\u00f3n del C\u00facuta Deportivo para la ciudad. La decisi\u00f3n se tom\u00f3 luego de que la Superintendencia de Sociedades declarara la liquidaci\u00f3n del equipo. La crisis econ\u00f3mica que afronta el club llev\u00f3 a esta situaci\u00f3n. El impago &hellip;<\/p>\n","protected":false},"author":1,"featured_media":36438,"comment_status":"open","ping_status":"open","sticky":false,"template":"","format":"standard","meta":{"footnotes":""},"categories":[4,28],"tags":[4753,301,2509,4467],"class_list":["post-36437","post","type-post","status-publish","format-standard","has-post-thumbnail","hentry","category-barra","category-vistazo-deportivo","tag-cucuta-deportivo-2020","tag-futbol-profesional-colombiano","tag-jose-augusto-cadena","tag-juan-camilo-chaverra"],"_links":{"self":[{"href":"https:\/\/contraluzcucuta.co\/index.php?rest_route=\/wp\/v2\/posts\/36437","targetHints":{"allow":["GET"]}}],"collection":[{"href":"https:\/\/contraluzcucuta.co\/index.php?rest_route=\/wp\/v2\/posts"}],"about":[{"href":"https:\/\/contraluzcucuta.co\/index.php?rest_route=\/wp\/v2\/types\/post"}],"author":[{"embeddable":true,"href":"https:\/\/contraluzcucuta.co\/index.php?rest_route=\/wp\/v2\/users\/1"}],"replies":[{"embeddable":true,"href":"https:\/\/contraluzcucuta.co\/index.php?rest_route=%2Fwp%2Fv2%2Fcomments&post=36437"}],"version-history":[{"count":1,"href":"https:\/\/contraluzcucuta.co\/index.php?rest_route=\/wp\/v2\/posts\/36437\/revisions"}],"predecessor-version":[{"id":36439,"href":"https:\/\/contraluzcucuta.co\/index.php?rest_route=\/wp\/v2\/posts\/36437\/revisions\/36439"}],"wp:featuredmedia":[{"embeddable":true,"href":"https:\/\/contraluzcucuta.co\/index.php?rest_route=\/wp\/v2\/media\/36438"}],"wp:attachment":[{"href":"https:\/\/contraluzcucuta.co\/index.php?rest_route=%2Fwp%2Fv2%2Fmedia&parent=36437"}],"wp:term":[{"taxonomy":"category","embeddable":true,"href":"https:\/\/contraluzcucuta.co\/index.php?rest_route=%2Fwp%2Fv2%2Fcategories&post=36437"},{"taxonomy":"post_tag","embeddable":true,"href":"https:\/\/contraluzcucuta.co\/index.php?rest_route=%2Fwp%2Fv2%2Ftags&post=36437"}],"curies":[{"name":"wp","href":"https:\/\/api.w.org\/{rel}","templated":true}]}}