{"id":36431,"date":"2020-11-06T14:58:16","date_gmt":"2020-11-06T19:58:16","guid":{"rendered":"http:\/\/contraluzcucuta.co\/?p=36431"},"modified":"2020-11-06T14:58:16","modified_gmt":"2020-11-06T19:58:16","slug":"carta-de-despedida-causas-externas-motivaron-la-salida-del-cuerpo-tecnico-motilon","status":"publish","type":"post","link":"https:\/\/contraluzcucuta.co\/?p=36431","title":{"rendered":"CARTA DE DESPEDIDA. \u201cCausas externas\u201d motivaron la salida del cuerpo t\u00e9cnico motil\u00f3n"},"content":{"rendered":"<p style=\"padding-left: 40px; text-align: right;\"><strong><span style=\"color: #ff9900;\">C\u00daCUTA.- \u201cDebimos tomar una decisi\u00f3n que no pens\u00e1bamos y nos toca por causas externas\u201d, escribi\u00f3 Jorge Ricardo Artigas en el mensaje de despedida del C\u00facuta Deportivo. El t\u00e9cnico renunci\u00f3 intempestivamente al cargo, cuando se cre\u00eda que terminar\u00eda la temporada 2020.<\/span><\/strong><\/p>\n<p>A pesar de que los resultados de los \u00faltimos partidos no le favorec\u00edan en el trabajo, los aficionados respaldaban la gesti\u00f3n al frente del cuadro rojinegro. El once motil\u00f3n es pen\u00faltimo en la clasificaci\u00f3n, aunque no corre riesgo de descender este a\u00f1o debido a las disposiciones asumidas a ra\u00edz de la pandemia.<\/p>\n<p>\u201cSon d\u00edas dif\u00edciles para nosotros\u201d, agreg\u00f3 en la declaraci\u00f3n escrita que se conoci\u00f3 en estos d\u00edas, dirigida a la hinchada, el \u00e1rea administrativa y los jugadores. \u201cQuiero expresar mi agradecimiento por haber confiado en m\u00ed\u201d, dijo antes de partir.<\/p>\n<p>Entre las conjeturas acerca de la salida de Artigas del club fronterizo est\u00e1n la mala campa\u00f1a en el rentado nacional, la situaci\u00f3n econ\u00f3mica del equipo, el incumplimiento de salarios con los jugadores por parte de los directivos y la suspensi\u00f3n del reconocimiento deportivo.<\/p>\n<p>El t\u00e9cnico sali\u00f3 al paso de esas cavilaciones de los cucute\u00f1os y aclar\u00f3 que \u201cse trata de priorizar nuestras familias, ya que no pudieron venir y no est\u00e1n dadas las condiciones para que lo hagan\u201d. El aislamiento a ra\u00edz de la pandemia separ\u00f3 a los miembros del cuerpo t\u00e9cnico de las familias que quedaron en el exterior.<\/p>\n<p>Artigas explic\u00f3 que \u201cdebemos dejar la instituci\u00f3n para poder encontrarnos nuevamente con ellos\u201d. Adem\u00e1s, adujo el pron\u00f3stico de cierre de fronteras en su pa\u00eds, lo que har\u00eda imposible el reencuentro familiar.<\/p>\n<p>Al tomar a vocer\u00eda del cuerpo t\u00e9cnico sostuvo que \u201choy quiero\u2026 dejar un agradecimiento eterno a toda la ciudad por su recibimiento, a toda la hinchada por su apoyo, a todos los funcionarios del club, a la prensa y por supuesto a todos los jugadores que son el reflejo de nuestro trabajo\u201d.<\/p>\n<p>Destac\u00f3 la entrega, el profesionalismo, el respeto y la valent\u00eda de los deportistas para hacer que la camiseta rojinegra sea representada con ese orgullo y sentido de pertenencia.<\/p>\n<p>\u201cSer\u00e1 hasta que el f\u00fatbol o la vida nos vuelva a encontrar. Es un hasta luego. Gracias por todo. Espero nos sepan entender en este momento y la dif\u00edcil decisi\u00f3n que tomamos. \u00a1Gracias!\u201d.<\/p>\n","protected":false},"excerpt":{"rendered":"<p>C\u00daCUTA.- \u201cDebimos tomar una decisi\u00f3n que no pens\u00e1bamos y nos toca por causas externas\u201d, escribi\u00f3 Jorge Ricardo Artigas en el mensaje de despedida del C\u00facuta Deportivo. El t\u00e9cnico renunci\u00f3 intempestivamente al cargo, cuando se cre\u00eda que terminar\u00eda la temporada 2020. A pesar de que los resultados de los \u00faltimos partidos no le favorec\u00edan en el &hellip;<\/p>\n","protected":false},"author":1,"featured_media":36432,"comment_status":"open","ping_status":"open","sticky":false,"template":"","format":"standard","meta":{"footnotes":""},"categories":[4,28],"tags":[192,4844],"class_list":["post-36431","post","type-post","status-publish","format-standard","has-post-thumbnail","hentry","category-barra","category-vistazo-deportivo","tag-cucuta-deportivo","tag-jorge-artigas"],"_links":{"self":[{"href":"https:\/\/contraluzcucuta.co\/index.php?rest_route=\/wp\/v2\/posts\/36431","targetHints":{"allow":["GET"]}}],"collection":[{"href":"https:\/\/contraluzcucuta.co\/index.php?rest_route=\/wp\/v2\/posts"}],"about":[{"href":"https:\/\/contraluzcucuta.co\/index.php?rest_route=\/wp\/v2\/types\/post"}],"author":[{"embeddable":true,"href":"https:\/\/contraluzcucuta.co\/index.php?rest_route=\/wp\/v2\/users\/1"}],"replies":[{"embeddable":true,"href":"https:\/\/contraluzcucuta.co\/index.php?rest_route=%2Fwp%2Fv2%2Fcomments&post=36431"}],"version-history":[{"count":1,"href":"https:\/\/contraluzcucuta.co\/index.php?rest_route=\/wp\/v2\/posts\/36431\/revisions"}],"predecessor-version":[{"id":36433,"href":"https:\/\/contraluzcucuta.co\/index.php?rest_route=\/wp\/v2\/posts\/36431\/revisions\/36433"}],"wp:featuredmedia":[{"embeddable":true,"href":"https:\/\/contraluzcucuta.co\/index.php?rest_route=\/wp\/v2\/media\/36432"}],"wp:attachment":[{"href":"https:\/\/contraluzcucuta.co\/index.php?rest_route=%2Fwp%2Fv2%2Fmedia&parent=36431"}],"wp:term":[{"taxonomy":"category","embeddable":true,"href":"https:\/\/contraluzcucuta.co\/index.php?rest_route=%2Fwp%2Fv2%2Fcategories&post=36431"},{"taxonomy":"post_tag","embeddable":true,"href":"https:\/\/contraluzcucuta.co\/index.php?rest_route=%2Fwp%2Fv2%2Ftags&post=36431"}],"curies":[{"name":"wp","href":"https:\/\/api.w.org\/{rel}","templated":true}]}}