{"id":36428,"date":"2020-11-06T10:03:33","date_gmt":"2020-11-06T15:03:33","guid":{"rendered":"http:\/\/contraluzcucuta.co\/?p=36428"},"modified":"2020-11-06T10:03:33","modified_gmt":"2020-11-06T15:03:33","slug":"la-gabarra-gobierno-avanza-con-programas-de-reparacion-a-las-victimas","status":"publish","type":"post","link":"https:\/\/contraluzcucuta.co\/?p=36428","title":{"rendered":"LA GABARRA. Gobierno avanza con programas de reparaci\u00f3n a las v\u00edctimas"},"content":{"rendered":"<ul>\n<li style=\"list-style-type: none;\">\n<ul>\n<li style=\"text-align: right;\"><strong><span style=\"color: #ff9900;\"><em>En 10 sedes educativas entregada dotaci\u00f3n escolar e insumos agr\u00edcolas, como parte del proyecto de reparaci\u00f3n que asciende a 1,7 millones de d\u00f3lares.<\/em><\/span><\/strong><\/li>\n<\/ul>\n<\/li>\n<\/ul>\n<p>&nbsp;<\/p>\n<p><strong>BOGOT\u00c1.<\/strong>&#8211; En 10 sedes educativas de La Gabarra fueron dotadas con elementos escolares e insumos agr\u00edcolas, como parte del proyecto de reparaci\u00f3n. La inversi\u00f3n asciende a 1,7 millones de d\u00f3lares, aportados por organismos de cooperaci\u00f3n internacional y el Gobierno. Se beneficiar\u00e1n 189.000 v\u00edctimas afectadas por la violencia en El Catatumbo, dentro de los Programas de Desarrollo con Enfoque Territorial (PDET).<\/p>\n<p>El Consejero Presidencial para la Estabilizaci\u00f3n y Consolidaci\u00f3n del Territorio, Emilio Archila, y el director de la Unidad para las V\u00edctimas, Ram\u00f3n Rodr\u00edguez, hicieron entrega de las dotaciones.<\/p>\n<p>\u201cDeterminamos que un plan de retorno coincid\u00eda con una de las iniciativas de las comunidades ac\u00e1 en La Gabarra\u201d, dijo Archila. Para movilizar los recursos trabajaron en conjunto con el Fondo Multidonante de las Naciones Unidas para el mantenimiento de la paz (MPTF), la Agencia Presidencial de Cooperaci\u00f3n Internacional (APC), la Agencia de Renovaci\u00f3n del Territorio (ART) y la Unidad para la Atenci\u00f3n y Reparaci\u00f3n Integral a las V\u00edctimas (UARIV) para el cumplimiento de las acciones de reparaci\u00f3n.<\/p>\n<p>El Consejero revel\u00f3 que se socializaron con la comunidad el plano y la maqueta del polideportivo y la concha ac\u00fastica, que estar\u00e1n listos para entregar en junio.<\/p>\n<p>A la fecha se ha llegado a 45.618 v\u00edctimas por medio de la adecuaci\u00f3n de centros educativos y polideportivos, casetas comunales, centros culturales, emisoras, centros de memoria y el fortalecimiento de los curr\u00edculos escolares apropiados para las comunidades ind\u00edgenas.<\/p>\n<p>El proyecto busca visibilizar las afectaciones a ni\u00f1os, j\u00f3venes y adolescentes en las comunidades desplazadas y sujetos de reparaci\u00f3n colectiva, al igual que de las minor\u00edas \u00e9tnicas.<\/p>\n","protected":false},"excerpt":{"rendered":"<p>En 10 sedes educativas entregada dotaci\u00f3n escolar e insumos agr\u00edcolas, como parte del proyecto de reparaci\u00f3n que asciende a 1,7 millones de d\u00f3lares. &nbsp; BOGOT\u00c1.&#8211; En 10 sedes educativas de La Gabarra fueron dotadas con elementos escolares e insumos agr\u00edcolas, como parte del proyecto de reparaci\u00f3n. La inversi\u00f3n asciende a 1,7 millones de d\u00f3lares, aportados &hellip;<\/p>\n","protected":false},"author":1,"featured_media":36429,"comment_status":"open","ping_status":"open","sticky":false,"template":"","format":"standard","meta":{"footnotes":""},"categories":[4,5,32],"tags":[246,4780,1028,4819],"class_list":["post-36428","post","type-post","status-publish","format-standard","has-post-thumbnail","hentry","category-barra","category-justicia-transicional","category-recorrido-por-la-region","tag-el-catatumbo","tag-emilio-archila","tag-la-gabarra","tag-municipios-pdet"],"_links":{"self":[{"href":"https:\/\/contraluzcucuta.co\/index.php?rest_route=\/wp\/v2\/posts\/36428","targetHints":{"allow":["GET"]}}],"collection":[{"href":"https:\/\/contraluzcucuta.co\/index.php?rest_route=\/wp\/v2\/posts"}],"about":[{"href":"https:\/\/contraluzcucuta.co\/index.php?rest_route=\/wp\/v2\/types\/post"}],"author":[{"embeddable":true,"href":"https:\/\/contraluzcucuta.co\/index.php?rest_route=\/wp\/v2\/users\/1"}],"replies":[{"embeddable":true,"href":"https:\/\/contraluzcucuta.co\/index.php?rest_route=%2Fwp%2Fv2%2Fcomments&post=36428"}],"version-history":[{"count":1,"href":"https:\/\/contraluzcucuta.co\/index.php?rest_route=\/wp\/v2\/posts\/36428\/revisions"}],"predecessor-version":[{"id":36430,"href":"https:\/\/contraluzcucuta.co\/index.php?rest_route=\/wp\/v2\/posts\/36428\/revisions\/36430"}],"wp:featuredmedia":[{"embeddable":true,"href":"https:\/\/contraluzcucuta.co\/index.php?rest_route=\/wp\/v2\/media\/36429"}],"wp:attachment":[{"href":"https:\/\/contraluzcucuta.co\/index.php?rest_route=%2Fwp%2Fv2%2Fmedia&parent=36428"}],"wp:term":[{"taxonomy":"category","embeddable":true,"href":"https:\/\/contraluzcucuta.co\/index.php?rest_route=%2Fwp%2Fv2%2Fcategories&post=36428"},{"taxonomy":"post_tag","embeddable":true,"href":"https:\/\/contraluzcucuta.co\/index.php?rest_route=%2Fwp%2Fv2%2Ftags&post=36428"}],"curies":[{"name":"wp","href":"https:\/\/api.w.org\/{rel}","templated":true}]}}