{"id":36404,"date":"2020-10-19T10:37:31","date_gmt":"2020-10-19T15:37:31","guid":{"rendered":"http:\/\/contraluzcucuta.co\/?p=36404"},"modified":"2020-10-19T10:37:31","modified_gmt":"2020-10-19T15:37:31","slug":"proyecto-de-ley-se-busca-vinculacion-del-gobierno-a-celebracion-de-los-117-anos-del-sagrado-corazon-de-jesus","status":"publish","type":"post","link":"https:\/\/contraluzcucuta.co\/?p=36404","title":{"rendered":"PROYECTO DE LEY. Se busca vinculaci\u00f3n del Gobierno a celebraci\u00f3n de los 117 a\u00f1os del Sagrado Coraz\u00f3n de Jes\u00fas"},"content":{"rendered":"<p style=\"padding-left: 40px; text-align: right;\"><strong><span style=\"color: #ff9900;\">C\u00daCUTA.- La Comisi\u00f3n Segunda Constitucional del Senado de la Rep\u00fablica deleg\u00f3 al senador Luis Eduardo D\u00edazGranados Torres como ponente del proyecto de Ley 256 Por medio del cual la Naci\u00f3n se vincula a la celebraci\u00f3n de los 117 a\u00f1os de del colegio Sagrado Coraz\u00f3n de Jes\u00fas de C\u00facuta.<\/span><\/strong><\/p>\n<p>La iniciativa autoriza al Gobierno para que incorpore en el Presupuesto General de la Naci\u00f3n, correspondiente a dos vigencias fiscales, los recursos para la construcci\u00f3n del comedor, la bater\u00eda sanitaria, el bloque de servicios educativos, la adecuaci\u00f3n y ampliaci\u00f3n de la infraestructura y la dotaci\u00f3n, por treinta mil millones de pesos.<\/p>\n<p>De esa manera el colegio podr\u00e1 fortalecer los procesos misionales centrados en la formaci\u00f3n integral de los 2800 estudiantes en jornada \u00fanica y ofrecer educaci\u00f3n p\u00fablica de calidad, con niveles de excelencia acad\u00e9mica, los cuales han sido reconocidos en los sistemas de evaluaci\u00f3n institucional que aplica el Estado.<\/p>\n<p>El proyecto busca la cofinanciaci\u00f3n de la construcci\u00f3n del bloque de servicios, la intervenci\u00f3n sismo resistente de los edificios antiguos con el reforzamiento estructural y la armonizaci\u00f3n de la arquitectura de la Quinta Teresa.<\/p>\n<p>Se espera celebrar los 120 a\u00f1os, con una infraestructura acorde con las necesidades de la formaci\u00f3n t\u00e9cnica moderna, en consonancia con los requerimientos del mercado laboral, en una ciudad con los m\u00e1s altos \u00edndices de desempleo, informalidad y migrantes del pa\u00eds.<\/p>\n<p>Los 15 integrantes de la Comisi\u00f3n del Senado recibir\u00e1n un ejemplar del libro editado con ocasi\u00f3n de los 115 a\u00f1os del plantel educativo. Edgar D\u00edaz Contreras anunci\u00f3 en la cuenta de tuiter que en compa\u00f1\u00eda de la bancada del departamento radicaron el documento, con el que se busca vincular a la Naci\u00f3n en la celebraci\u00f3n y as\u00ed lograr que se asignen recursos para el mejoramiento en la infraestructura.<\/p>\n<p>El colegio abri\u00f3 las puertas el primero de agosto de 1903, en una propiedad arrendada y con apoyo del erario municipal para el pago de maestros, dotaci\u00f3n y becas para estudiantes.<\/p>\n<p>El centenar de alumnos que lleg\u00f3 a las aulas permiti\u00f3 el comienzo de las labores acad\u00e9micas bajo la direcci\u00f3n de los padres Agustinos. Las necesidades imperiosas del proyecto condujeron a desacuerdos con las autoridades. De tal modo, que se recurri\u00f3 a los Hermanos de las Escuelas Cristianas o De La Salle para la direcci\u00f3n desde el primero de febrero de 1906 hasta la fecha.<\/p>\n","protected":false},"excerpt":{"rendered":"<p>C\u00daCUTA.- La Comisi\u00f3n Segunda Constitucional del Senado de la Rep\u00fablica deleg\u00f3 al senador Luis Eduardo D\u00edazGranados Torres como ponente del proyecto de Ley 256 Por medio del cual la Naci\u00f3n se vincula a la celebraci\u00f3n de los 117 a\u00f1os de del colegio Sagrado Coraz\u00f3n de Jes\u00fas de C\u00facuta. La iniciativa autoriza al Gobierno para que &hellip;<\/p>\n","protected":false},"author":1,"featured_media":36405,"comment_status":"open","ping_status":"open","sticky":false,"template":"","format":"standard","meta":{"footnotes":""},"categories":[4,6],"tags":[128,4910,5098,1221],"class_list":["post-36404","post","type-post","status-publish","format-standard","has-post-thumbnail","hentry","category-barra","category-ojo-avizor","tag-colegio-sagrado-corazon-de-jesus","tag-corsaje","tag-proyecto-de-ley","tag-senado-de-la-republica"],"_links":{"self":[{"href":"https:\/\/contraluzcucuta.co\/index.php?rest_route=\/wp\/v2\/posts\/36404","targetHints":{"allow":["GET"]}}],"collection":[{"href":"https:\/\/contraluzcucuta.co\/index.php?rest_route=\/wp\/v2\/posts"}],"about":[{"href":"https:\/\/contraluzcucuta.co\/index.php?rest_route=\/wp\/v2\/types\/post"}],"author":[{"embeddable":true,"href":"https:\/\/contraluzcucuta.co\/index.php?rest_route=\/wp\/v2\/users\/1"}],"replies":[{"embeddable":true,"href":"https:\/\/contraluzcucuta.co\/index.php?rest_route=%2Fwp%2Fv2%2Fcomments&post=36404"}],"version-history":[{"count":1,"href":"https:\/\/contraluzcucuta.co\/index.php?rest_route=\/wp\/v2\/posts\/36404\/revisions"}],"predecessor-version":[{"id":36406,"href":"https:\/\/contraluzcucuta.co\/index.php?rest_route=\/wp\/v2\/posts\/36404\/revisions\/36406"}],"wp:featuredmedia":[{"embeddable":true,"href":"https:\/\/contraluzcucuta.co\/index.php?rest_route=\/wp\/v2\/media\/36405"}],"wp:attachment":[{"href":"https:\/\/contraluzcucuta.co\/index.php?rest_route=%2Fwp%2Fv2%2Fmedia&parent=36404"}],"wp:term":[{"taxonomy":"category","embeddable":true,"href":"https:\/\/contraluzcucuta.co\/index.php?rest_route=%2Fwp%2Fv2%2Fcategories&post=36404"},{"taxonomy":"post_tag","embeddable":true,"href":"https:\/\/contraluzcucuta.co\/index.php?rest_route=%2Fwp%2Fv2%2Ftags&post=36404"}],"curies":[{"name":"wp","href":"https:\/\/api.w.org\/{rel}","templated":true}]}}