{"id":36391,"date":"2020-10-15T11:35:27","date_gmt":"2020-10-15T16:35:27","guid":{"rendered":"http:\/\/contraluzcucuta.co\/?p=36391"},"modified":"2020-10-15T11:35:27","modified_gmt":"2020-10-15T16:35:27","slug":"tejemos-confianza-estudiantes-hablan-de-reconciliacion-y-paz-por-medio-del-arte","status":"publish","type":"post","link":"https:\/\/contraluzcucuta.co\/?p=36391","title":{"rendered":"TEJEMOS CONFIANZA. Estudiantes hablan de reconciliaci\u00f3n y paz por medio del arte"},"content":{"rendered":"<p style=\"padding-left: 40px; text-align: right;\"><strong><span style=\"color: #ff9900;\">&#8211; <em>En 13 municipios de Norte de Santander se lleva a cabo el &#8216;Concurso de arte: reconciliaci\u00f3n y paz&#8217;<\/em><\/span><\/strong><\/p>\n<p><strong>C\u00daCUTA.<\/strong> Cerca de mil estudiantes e hijos de personas en proceso de reincorporaci\u00f3n y reintegraci\u00f3n en Norte de Santander, participan en la s\u00e9ptima versi\u00f3n del &#8216;Concurso de arte: reconciliaci\u00f3n y paz&#8217;. La actividad es organizada, hace 7 a\u00f1os, por la Agencia para la Reincorporaci\u00f3n y la Normalizaci\u00f3n (ARN) con apoyo de entidades p\u00fablicas y privadas en 13 municipios.<\/p>\n<p>El Concurso permite articular las actividades acad\u00e9micas y las expresiones art\u00edsticas de los estudiantes en torno a la reconciliaci\u00f3n y a la paz. \u201cCada a\u00f1o, se consolida como una plataforma para visibilizar el talento y la creatividad de ni\u00f1os, adolescentes y j\u00f3venes de esta regi\u00f3n del pa\u00eds\u201d, dijo Luis Armando Carre\u00f1o O\u00f1ate, coordinador de la ARN en Norte de Santander. En esta versi\u00f3n participan 15 hijos de poblaci\u00f3n excombatiente.<\/p>\n<p>Stiven Dur\u00e1n Verjel, estudiante de und\u00e9cimo grado en la instituci\u00f3n Educativa Puerto Santander, particip\u00f3, en el 2019. A este joven de 17 a\u00f1os, el concurso le permiti\u00f3 desarrollar habilidades en composici\u00f3n e interpretaci\u00f3n musical.<\/p>\n<p>\u201cHaber participado el a\u00f1o pasado fue una gran experiencia. Compart\u00ed con muchos compa\u00f1eros del colegio que no ve\u00edan esas cualidades en m\u00ed. Eso me abri\u00f3 muchas puertas y corazones, y fue una experiencia maravillosa\u201d, coment\u00f3 Stiven.<\/p>\n<p>La Secretar\u00eda de Educaci\u00f3n de Norte de Santander, es una de las entidades aliadas a la iniciativa. Laura C\u00e1ceres Ni\u00f1o, titular del despacho, expres\u00f3 que \u201cdesde la administraci\u00f3n departamental apoyamos este tipo de iniciativas que construyen conciencia y promovemos el buen uso del tiempo libre\u201d.<\/p>\n<p>Este a\u00f1o, el Concurso tiene un nuevo reto, efectuarse de manera virtual y cuenta con el apoyo de los rectores de las instituciones que lo han articulado a los procesos de formaci\u00f3n para el desarrollo de las habilidades art\u00edsticas.<\/p>\n<p>\u201cEs un nuevo reto y estamos motivando a nuestros estudiantes a participar. Queremos que los municipios nortesantandereanos no sigan figurando en los titulares de prensa por los casos de violencia, sino por las manifestaciones de arte en torno a la paz que renacen gracias a este espacio que brinda la ARN en el territorio\u201d, coment\u00f3 Yaneth Liliana Uribe, docente de la Instituci\u00f3n Educativa Colegio Puerto Santander.<\/p>\n<p>El 6 de noviembre, ser\u00e1 la clausura del Concurso y se transmitir\u00e1 por las redes sociales de @ARNColombia. As\u00ed, se permitir\u00e1 a la comunidad apreciar el talento de los estudiantes de la regi\u00f3n.<\/p>\n<p>Estudiantes de 35 instituciones educativas de la regi\u00f3n de El Catatumbo, C\u00facuta y el \u00c1rea Metropolitana participan en la s\u00e9ptima edici\u00f3n del &#8216;Concurso de arte: reconciliaci\u00f3n y paz\u00b4.<\/p>\n<p>El Concurso cuenta con tres categor\u00edas: una para estudiantes de 6 a 8 grados; otra en la que estar\u00e1n estudiantes de 9, 10 y 11, y una nueva categor\u00eda para hijos de excombatientes que hacen parte de los procesos que adelanta la ARN en la regi\u00f3n.<\/p>\n","protected":false},"excerpt":{"rendered":"<p>&#8211; En 13 municipios de Norte de Santander se lleva a cabo el &#8216;Concurso de arte: reconciliaci\u00f3n y paz&#8217; C\u00daCUTA. Cerca de mil estudiantes e hijos de personas en proceso de reincorporaci\u00f3n y reintegraci\u00f3n en Norte de Santander, participan en la s\u00e9ptima versi\u00f3n del &#8216;Concurso de arte: reconciliaci\u00f3n y paz&#8217;. La actividad es organizada, hace &hellip;<\/p>\n","protected":false},"author":1,"featured_media":36392,"comment_status":"open","ping_status":"open","sticky":false,"template":"","format":"standard","meta":{"footnotes":""},"categories":[4,5,37],"tags":[5094,5093,5092],"class_list":["post-36391","post","type-post","status-publish","format-standard","has-post-thumbnail","hentry","category-barra","category-justicia-transicional","category-paseo-cultural","tag-agencia-para-la-reincorporacion-y-la-normalizacion","tag-reconciliacion-y-paz","tag-tejemos-confianza"],"_links":{"self":[{"href":"https:\/\/contraluzcucuta.co\/index.php?rest_route=\/wp\/v2\/posts\/36391","targetHints":{"allow":["GET"]}}],"collection":[{"href":"https:\/\/contraluzcucuta.co\/index.php?rest_route=\/wp\/v2\/posts"}],"about":[{"href":"https:\/\/contraluzcucuta.co\/index.php?rest_route=\/wp\/v2\/types\/post"}],"author":[{"embeddable":true,"href":"https:\/\/contraluzcucuta.co\/index.php?rest_route=\/wp\/v2\/users\/1"}],"replies":[{"embeddable":true,"href":"https:\/\/contraluzcucuta.co\/index.php?rest_route=%2Fwp%2Fv2%2Fcomments&post=36391"}],"version-history":[{"count":1,"href":"https:\/\/contraluzcucuta.co\/index.php?rest_route=\/wp\/v2\/posts\/36391\/revisions"}],"predecessor-version":[{"id":36393,"href":"https:\/\/contraluzcucuta.co\/index.php?rest_route=\/wp\/v2\/posts\/36391\/revisions\/36393"}],"wp:featuredmedia":[{"embeddable":true,"href":"https:\/\/contraluzcucuta.co\/index.php?rest_route=\/wp\/v2\/media\/36392"}],"wp:attachment":[{"href":"https:\/\/contraluzcucuta.co\/index.php?rest_route=%2Fwp%2Fv2%2Fmedia&parent=36391"}],"wp:term":[{"taxonomy":"category","embeddable":true,"href":"https:\/\/contraluzcucuta.co\/index.php?rest_route=%2Fwp%2Fv2%2Fcategories&post=36391"},{"taxonomy":"post_tag","embeddable":true,"href":"https:\/\/contraluzcucuta.co\/index.php?rest_route=%2Fwp%2Fv2%2Ftags&post=36391"}],"curies":[{"name":"wp","href":"https:\/\/api.w.org\/{rel}","templated":true}]}}