{"id":36324,"date":"2020-09-25T16:24:08","date_gmt":"2020-09-25T21:24:08","guid":{"rendered":"http:\/\/contraluzcucuta.co\/?p=36324"},"modified":"2020-09-25T16:24:08","modified_gmt":"2020-09-25T21:24:08","slug":"reflexion-reingenieria-al-turismo","status":"publish","type":"post","link":"https:\/\/contraluzcucuta.co\/?p=36324","title":{"rendered":"REFLEXI\u00d3N. Reingenier\u00eda al turismo"},"content":{"rendered":"<p style=\"padding-left: 40px; text-align: right;\"><strong><span style=\"color: #ff9900;\">La Corporaci\u00f3n Mixta de Promoci\u00f3n de Norte de Santander, \u201csola no puede hacer la promoci\u00f3n del turismo. \u00bfD\u00f3nde est\u00e1n los gremios y los otros entes que la integran?\u201d<\/span><\/strong><\/p>\n<p>Por mi profesi\u00f3n af\u00edn con las labores del campo, como estudiante en una de las universidades del Eje Cafetero, y luego en el inicio del ejercicio de esa actividad, pude conocer, disfrutar y recrearme tanto en una gran mayor\u00eda de pueblos, caser\u00edos, parajes y carreteras del Viejo Caldas como los de mi Norte de Santander.<\/p>\n<p>Y ahora paso a creer que las comparaciones s\u00ed que son odiosas. Mientras que en el Viejo Caldas de entonces (1970-1971), agobiados por la ruina de su principal industria, a consecuencia de la \u2018plaga de la broca del caf\u00e9\u2019, concretamente en Manizales y los municipios conurbanos, con la tenacidad del arriero y aplicando la reingenier\u00eda, tambi\u00e9n le echaron mano al Fondo Mixto de Promoci\u00f3n para que la junta directiva la integraran seleccionados miembros, amantes del progreso de la regi\u00f3n, en representaci\u00f3n de los entes gubernamentales, la academia (tesis de grado), C\u00e1mara de Comercio con cl\u00fasteres de turismo y otros gremios, como Fenalco (casi siempre la presid\u00eda, dado el inter\u00e9s prioritario pues sus directrices redundaban en beneficio de los afiliados), al un\u00edsono pudieran emerger como el Ave F\u00e9nix.<\/p>\n<p>Y contin\u00faan airosos en esa brega resiliente, conscientes de la idiosincrasia progresista que los asiste, difunden y promocionan, por redes sociales, encuentros, tesis de grado con novedosas propuestas y medios masivos de comunicaci\u00f3n social (La Patria, Tv Caf\u00e9), las bondades de cada uno de los pueblos, \u201cechando la casa por la ventana\u201d para hacer conocer las pintorescas poblaciones, encim\u00e1ndoles platos t\u00edpicos, usos y costumbres con un \u201cvea pues, mijo, qu\u00e9 necesit\u00e1s, que aqu\u00ed lo encuentras\u201d, m\u00e1s las agraciadas y cari\u00f1osas atenciones de las \u2018chapoleras\u2019, qued\u00e1ndonos un dejo animoso para regresar.<\/p>\n<p>Con esa actitud que despierta una envidia ajena de la buena, creo que en Norte de Santander s\u00ed que estamos lejos en demostrar esas alegor\u00edas y querer por nuestro terru\u00f1o. Norte de Santander no es uno de los departamentos que tienen destinos tur\u00edsticos reconocidos ni frecuentados, como el Eje Cafetero, la Costa, pero s\u00ed uno de los m\u00e1s econ\u00f3micos e inexplorados y con futuros mercados promisorios.<\/p>\n<p>En la medida de que la promoci\u00f3n se encauce por una verdadera oportunidad, que adem\u00e1s de los atractivos comerciales y empresariales, se den a conocer las bondades de nuestros pueblos y parajes de regiones, valles, mesetas, lagunas, piedemontes, con climas variados que van desde c\u00e1lidos hasta parameros, con lugares pintorescos que lo hacen maravillosos para extraordinarias fotograf\u00edas acompa\u00f1adas de jolgorios de diversidad de aves itinerantes.<\/p>\n<p>Con lo anterior, quiero significar que no hay una cultura, seria y ponderada, de promoci\u00f3n tur\u00edstica para ayudar a incentivar y fomentar el sentido de pertenencia, encaminado a educar al menos los valores lugare\u00f1os, el conocimiento geogr\u00e1fico y paisajista, unidos a las costumbres <em>in situ<\/em> que la madre naturaleza nos ha deparado con las bondades abundantes en tradiciones, costumbres, folclor, cultura e idiosincrasia para tomar conciencia y edificar nuestro futuro tur\u00edstico. \u00a1Sena C\u00facuta: \u00fanase!<\/p>\n<p>Es ah\u00ed donde la inventiva de los miembros de la junta directiva, en cabeza del presidente, reeval\u00faen y direccionen esas ejecutorias y pongan a prueba la responsabilidad que les fuera confiada, como faro orientador, para bien particular del comercio local y en beneficio general para Norte de Santander.<\/p>\n<p>\u00bfAcaso no hace m\u00e1s da\u00f1o que vengan turistas a visitarnos, consigan este panorama, se vayan por molestos y, consecuencialmente, lo divulguen cuando lleguen a sus or\u00edgenes?<\/p>\n<p>El escribir y comentar la realidad que tenemos en C\u00facuta en relaci\u00f3n con el Fondo de Promoci\u00f3n Mixta de Norte de Santander, no es ser enemigo del turismo. Si no saben interpretar la cr\u00edtica, lo lamento. Al contrario, la intenci\u00f3n es lograr que tanto los entes gubernamentales que tienen asiento en la junta (Gobernaci\u00f3n, Alcald\u00eda, C\u00e1mara de Comercio), como las dem\u00e1s agremiaciones que se constituyen en fuerzas vivas de la ciudad (Fenalco, Cotelco, agencias de viajes, Cajas de Compensaci\u00f3n Familiar), cumplan con la cabal funci\u00f3n y sugiero procurar el llamado de otras representaciones, como el \u00c1rea Metropolitana de C\u00facuta y delegados de las nuevas zonas municipales que ha conformado el Gobernador para que \u00a1trabajando unidos! se les planteen destinos tur\u00edsticos como los localizados en M\u00e9rida: Los Aleros, La Venezuela de Antier. \u00bfSer\u00e1 que s\u00ed?<\/p>\n<p>Otra sugerencia: El presidente de la directiva debe direccionar un estudio (tesis), basado en la tecnolog\u00eda emergente, para visualizar sitios, aspectos y actividades que se adec\u00faen a una explotaci\u00f3n con garant\u00eda de atractivo tur\u00edstico y que pudieran promocionarse en los canales de atracci\u00f3n y llamadas de turismo de calidad. Claro, con la garant\u00eda de seguridad del visitante, la cual debe ser fundamental para completar el &#8220;cebo&#8221; de la llamada<\/p>\n<p><strong>ADENDA<\/strong>: Las hojas de vida no se llenan con cargos (remunerados o <em>ad honoren<\/em>) sino con las ejecutorias que se dejan.<\/p>\n<p><strong>HUGO ESPINOSA D\u00c1VILA<\/strong><\/p>\n<p><a href=\"mailto:hespinosad@gmail.com\"><strong>hespinosad@gmail.com<\/strong><\/a><\/p>\n<p><strong>\u00a0<\/strong><\/p>\n","protected":false},"excerpt":{"rendered":"<p>La Corporaci\u00f3n Mixta de Promoci\u00f3n de Norte de Santander, \u201csola no puede hacer la promoci\u00f3n del turismo. \u00bfD\u00f3nde est\u00e1n los gremios y los otros entes que la integran?\u201d Por mi profesi\u00f3n af\u00edn con las labores del campo, como estudiante en una de las universidades del Eje Cafetero, y luego en el inicio del ejercicio de &hellip;<\/p>\n","protected":false},"author":1,"featured_media":36325,"comment_status":"open","ping_status":"open","sticky":false,"template":"","format":"standard","meta":{"footnotes":""},"categories":[14,4],"tags":[754],"class_list":["post-36324","post","type-post","status-publish","format-standard","has-post-thumbnail","hentry","category-articulistas","category-barra","tag-turismo-en-norte-de-santander"],"_links":{"self":[{"href":"https:\/\/contraluzcucuta.co\/index.php?rest_route=\/wp\/v2\/posts\/36324","targetHints":{"allow":["GET"]}}],"collection":[{"href":"https:\/\/contraluzcucuta.co\/index.php?rest_route=\/wp\/v2\/posts"}],"about":[{"href":"https:\/\/contraluzcucuta.co\/index.php?rest_route=\/wp\/v2\/types\/post"}],"author":[{"embeddable":true,"href":"https:\/\/contraluzcucuta.co\/index.php?rest_route=\/wp\/v2\/users\/1"}],"replies":[{"embeddable":true,"href":"https:\/\/contraluzcucuta.co\/index.php?rest_route=%2Fwp%2Fv2%2Fcomments&post=36324"}],"version-history":[{"count":1,"href":"https:\/\/contraluzcucuta.co\/index.php?rest_route=\/wp\/v2\/posts\/36324\/revisions"}],"predecessor-version":[{"id":36326,"href":"https:\/\/contraluzcucuta.co\/index.php?rest_route=\/wp\/v2\/posts\/36324\/revisions\/36326"}],"wp:featuredmedia":[{"embeddable":true,"href":"https:\/\/contraluzcucuta.co\/index.php?rest_route=\/wp\/v2\/media\/36325"}],"wp:attachment":[{"href":"https:\/\/contraluzcucuta.co\/index.php?rest_route=%2Fwp%2Fv2%2Fmedia&parent=36324"}],"wp:term":[{"taxonomy":"category","embeddable":true,"href":"https:\/\/contraluzcucuta.co\/index.php?rest_route=%2Fwp%2Fv2%2Fcategories&post=36324"},{"taxonomy":"post_tag","embeddable":true,"href":"https:\/\/contraluzcucuta.co\/index.php?rest_route=%2Fwp%2Fv2%2Ftags&post=36324"}],"curies":[{"name":"wp","href":"https:\/\/api.w.org\/{rel}","templated":true}]}}