{"id":36299,"date":"2020-09-13T19:13:13","date_gmt":"2020-09-14T00:13:13","guid":{"rendered":"http:\/\/contraluzcucuta.co\/?p=36299"},"modified":"2020-09-13T19:13:13","modified_gmt":"2020-09-14T00:13:13","slug":"necrologia-recurro-a-las-mentiras-cuando-son-piadosas-gustavo-salazar","status":"publish","type":"post","link":"https:\/\/contraluzcucuta.co\/?p=36299","title":{"rendered":"NECROLOG\u00cdA. Recurro a las mentiras cuando son piadosas: Gustavo Salazar"},"content":{"rendered":"<p style=\"padding-left: 40px; text-align: right;\"><strong><span style=\"color: #ff9900;\"><em>Gustavo Salazar Carrascal se someti\u00f3 un d\u00eda al Test de Proust. Fue para un ejercicio de clase de Prensa II, del programa de Comunicaci\u00f3n Social, de la Universidad de Pamplona. As\u00ed respondi\u00f3.<\/em><\/span><\/strong><\/p>\n<p>&nbsp;<\/p>\n<p><strong>\u00bfCu\u00e1l es su idea de la felicidad perfecta? <\/strong><\/p>\n<p>No existe, uno se la va labrando a trav\u00e9s del tiempo.<\/p>\n<p><strong>\u00bfCu\u00e1l es su gran miedo? <\/strong><\/p>\n<p>El fracaso.<\/p>\n<p><strong>\u00bfCon qu\u00e9 personaje hist\u00f3rico se siente m\u00e1s identificado?<\/strong><\/p>\n<p>Con Nelson Mandela, por su sentido de solidaridad.<\/p>\n<p><strong>\u00bfQui\u00e9n es la persona viva a la que m\u00e1s admira? <\/strong><\/p>\n<p>\u00c1lvaro Uribe.<\/p>\n<p><strong>\u00bfCu\u00e1l es el rasgo que m\u00e1s le desagrada de s\u00ed mismo? <\/strong><\/p>\n<p>No tener suficiente tiempo para ayudar a la gente.<\/p>\n<p><strong>\u00bfCu\u00e1l es el rasgo que m\u00e1s le desagrada de los dem\u00e1s? <\/strong><\/p>\n<p>La insolidaridad.<\/p>\n<p><strong>\u00bfCu\u00e1l es su mayor extravagancia? <\/strong><\/p>\n<p>Bailar mucho.<\/p>\n<p><strong>\u00bfCu\u00e1l es su viaje favorito? <\/strong><\/p>\n<p>Ojal\u00e1 sea a la eternidad.<\/p>\n<p><strong>\u00bfCu\u00e1l considera que es la virtud m\u00e1s sobrevalorada? <\/strong><\/p>\n<p>La prepotencia de la gente.<\/p>\n<p><strong>\u00bfEn qu\u00e9 ocasiones recurre a la mentira? <\/strong><\/p>\n<p>Cuando son piadosas.<\/p>\n<p><strong>\u00bfQu\u00e9 es lo que menos le gusta de su aspecto? <\/strong><\/p>\n<p>No tener dinero para ayudar\u00a0a la gente.<\/p>\n<p><strong>\u00bfQu\u00e9 persona viva le inspira m\u00e1s desprecio? <\/strong><\/p>\n<p>Ninguna, todos somos iguales.<\/p>\n<p><strong>\u00bfDe qu\u00e9 palabras o frases abusa? <\/strong><\/p>\n<p>\u00a1No jod\u00e1s! \u00a1No joda tanto!<\/p>\n<p><strong>\u00bfCu\u00e1l es su gran pesar? <\/strong><\/p>\n<p>No poder ayudar a tanto necesitado<\/p>\n<p><strong>\u00bfQu\u00e9 o qui\u00e9n es el gran amor de su vida? <\/strong><\/p>\n<p>Mis hijos.<\/p>\n<p><strong>\u00bfCu\u00e1ndo y d\u00f3nde fue m\u00e1s feliz? <\/strong><\/p>\n<p>La vida me ha dado la oportunidad de no tener ratos amargos.<\/p>\n<p><strong>\u00bfQu\u00e9 talento le gustar\u00eda tener? <\/strong><\/p>\n<p>El de James Rodr\u00edguez.<\/p>\n<p><strong>\u00bfCu\u00e1l es su estado de \u00e1nimo actual?\u00a0 <\/strong><\/p>\n<p>\u00d3ptimo, al m\u00e1ximo.<\/p>\n<p><strong>Si pudiera cambiar una \u00fanica cosa de usted, \u00bfqu\u00e9 elegir\u00eda? <\/strong><\/p>\n<p>No madrugar m\u00e1s.<\/p>\n<p><strong>Si pudiera cambiar una \u00fanica cosa de su familia, \u00bfQu\u00e9 elegir\u00eda? <\/strong><\/p>\n<p>La mujer, jode mucho.<\/p>\n<p><strong>\u00bfCu\u00e1l considera que es su gran logro? <\/strong><\/p>\n<p>Coronar mi carrera profesional.<\/p>\n<p><strong>Si muriese y se reencarnase en una persona o cosa, \u00bfQu\u00e9 cree que ser\u00eda?<\/strong><\/p>\n<p>Ser\u00eda el mismo.<\/p>\n<p><strong>Si pudiera elegir en qu\u00e9 reencarnarse, \u00bfqu\u00e9 ser\u00eda? <\/strong><\/p>\n<p>No buscar\u00eda otra reencarnaci\u00f3n.<\/p>\n<p><strong>\u00bfCu\u00e1l es su bien m\u00e1s preciado? <\/strong><\/p>\n<p>La familia.<\/p>\n<p><strong>\u00bfCu\u00e1l es para usted la m\u00e1xima expresi\u00f3n de la miseria? <\/strong><\/p>\n<p>No me gusta que traten de desechables a las personas en la condici\u00f3n que se encuentran.<\/p>\n<p><strong>\u00bfD\u00f3nde le gustar\u00eda vivir? <\/strong><\/p>\n<p>En un pueblo.<\/p>\n<p><strong>\u00bfCu\u00e1l es su pasatiempo favorito? <\/strong><\/p>\n<p>Leer.<\/p>\n<p><strong>\u00bfCu\u00e1l es su rasgo m\u00e1s caracter\u00edstico?\u00a0 <\/strong><\/p>\n<p>Ser alegre.<\/p>\n<p><strong>\u00bfCu\u00e1l es la cualidad que m\u00e1s le gusta en un hombre?<\/strong><\/p>\n<p>La sinceridad.<\/p>\n<p><strong>\u00bfQu\u00e9 es lo que m\u00e1s detesta?<\/strong><\/p>\n<p>La hipocres\u00eda.<\/p>\n<p><strong>\u00bfCu\u00e1l es la cualidad que m\u00e1s le gusta en una mujer?<\/strong><\/p>\n<p>La nobleza.<\/p>\n<p><strong>\u00bfQu\u00e9 es lo que m\u00e1s valora en sus amigos?\u00a0 <\/strong><\/p>\n<p>No tengo amigos, conocidos muchos, mi verdadero amigo es Dios.<\/p>\n<p><strong>\u00bfQui\u00e9nes son sus escritores favoritos?<\/strong><\/p>\n<p>Gabriel Garc\u00eda M\u00e1rquez, Daniel Samper y los escritores \u00e9picos.<\/p>\n<p><strong>\u00bfQui\u00e9n es su h\u00e9roe de ficci\u00f3n preferido?<\/strong><\/p>\n<p>Tom y Jerry<\/p>\n<p><strong>\u00bfQui\u00e9nes son sus h\u00e9roes en la vida real?<\/strong><\/p>\n<p>Toda mi familia.<\/p>\n<p><strong>\u00bfCu\u00e1les son sus nombres favoritos?<\/strong><\/p>\n<p>Karen Viviana, Jessica Roc\u00edo, Susan Katherin, Carmen Dolores y Gustavo Adolfo.<\/p>\n<p><strong>\u00bfC\u00f3mo le gustar\u00eda morir?<\/strong><\/p>\n<p>Como lo tenga destinado Dios, pero me gustar\u00eda morir en la casa.<\/p>\n<p><strong>\u00bfCu\u00e1l es su lema?<\/strong><\/p>\n<p>\u00a1Vamos, no desmayes!<\/p>\n<p><strong>MARYELY ANDREA TRIGOS VERA<\/strong><\/p>\n","protected":false},"excerpt":{"rendered":"<p>Gustavo Salazar Carrascal se someti\u00f3 un d\u00eda al Test de Proust. Fue para un ejercicio de clase de Prensa II, del programa de Comunicaci\u00f3n Social, de la Universidad de Pamplona. As\u00ed respondi\u00f3. &nbsp; \u00bfCu\u00e1l es su idea de la felicidad perfecta? No existe, uno se la va labrando a trav\u00e9s del tiempo. \u00bfCu\u00e1l es su &hellip;<\/p>\n","protected":false},"author":1,"featured_media":36300,"comment_status":"open","ping_status":"open","sticky":false,"template":"","format":"standard","meta":{"footnotes":""},"categories":[4,1967],"tags":[4346,5075,1948,3458],"class_list":["post-36299","post","type-post","status-publish","format-standard","has-post-thumbnail","hentry","category-barra","category-necrologias","tag-acord-norte","tag-gustavo-salazar","tag-necrologias-cucutenas","tag-periodismo-cucuteno"],"_links":{"self":[{"href":"https:\/\/contraluzcucuta.co\/index.php?rest_route=\/wp\/v2\/posts\/36299","targetHints":{"allow":["GET"]}}],"collection":[{"href":"https:\/\/contraluzcucuta.co\/index.php?rest_route=\/wp\/v2\/posts"}],"about":[{"href":"https:\/\/contraluzcucuta.co\/index.php?rest_route=\/wp\/v2\/types\/post"}],"author":[{"embeddable":true,"href":"https:\/\/contraluzcucuta.co\/index.php?rest_route=\/wp\/v2\/users\/1"}],"replies":[{"embeddable":true,"href":"https:\/\/contraluzcucuta.co\/index.php?rest_route=%2Fwp%2Fv2%2Fcomments&post=36299"}],"version-history":[{"count":1,"href":"https:\/\/contraluzcucuta.co\/index.php?rest_route=\/wp\/v2\/posts\/36299\/revisions"}],"predecessor-version":[{"id":36301,"href":"https:\/\/contraluzcucuta.co\/index.php?rest_route=\/wp\/v2\/posts\/36299\/revisions\/36301"}],"wp:featuredmedia":[{"embeddable":true,"href":"https:\/\/contraluzcucuta.co\/index.php?rest_route=\/wp\/v2\/media\/36300"}],"wp:attachment":[{"href":"https:\/\/contraluzcucuta.co\/index.php?rest_route=%2Fwp%2Fv2%2Fmedia&parent=36299"}],"wp:term":[{"taxonomy":"category","embeddable":true,"href":"https:\/\/contraluzcucuta.co\/index.php?rest_route=%2Fwp%2Fv2%2Fcategories&post=36299"},{"taxonomy":"post_tag","embeddable":true,"href":"https:\/\/contraluzcucuta.co\/index.php?rest_route=%2Fwp%2Fv2%2Ftags&post=36299"}],"curies":[{"name":"wp","href":"https:\/\/api.w.org\/{rel}","templated":true}]}}