{"id":36296,"date":"2020-09-13T17:59:29","date_gmt":"2020-09-13T22:59:29","guid":{"rendered":"http:\/\/contraluzcucuta.co\/?p=36296"},"modified":"2020-09-13T17:59:29","modified_gmt":"2020-09-13T22:59:29","slug":"memoria-colectiva-asesinato-de-dos-lideres-estudiantiles-de-la-ufps","status":"publish","type":"post","link":"https:\/\/contraluzcucuta.co\/?p=36296","title":{"rendered":"MEMORIA COLECTIVA. Asesinato de dos l\u00edderes estudiantiles de la UFPS"},"content":{"rendered":"<p style=\"padding-left: 40px; text-align: right;\"><strong><span style=\"color: #ff9900;\">C\u00daCUTA.- Las violaciones a los derechos humanos, por lo general, han estado acompa\u00f1adas por el encubrimiento de verdades en las que est\u00e1n inmersas ciertas entidades del poder. Verdades que si llegan a salir a la opini\u00f3n causar\u00edan revuelo y perjudicar\u00edan a los responsables.<\/span><\/strong><\/p>\n<p>Es por esta raz\u00f3n que han surgido cientos de colectivos, que mediante movilizaciones manifiestan inconformidad ante las irregularidades y las injusticias del gobierno, que cada vez cobran m\u00e1s fuerza. Expresarse libremente, sin riesgos ni temores, ser la voz de quienes han sido callados y ser la esperanza de quienes la han perdido son algunas de sus acciones.<\/p>\n<p>Colombia es un pa\u00eds donde ejercer el derecho a la libre expresi\u00f3n pone en riesgo la vida. El miedo de perderlo todo provoca silencio y sumisi\u00f3n. Ir en contra de la voluntad de algunos, tal vez no es la mejor opci\u00f3n para quienes se atreven.<\/p>\n<p>Las masacres a manos de fuerzas al margen de la ley no cesan y aparecen como imposibles de eliminar. Cada vez son m\u00e1s los casos de l\u00edderes sociales y estudiantiles asesinados que se quedan en la impunidad. El hecho de ser una naci\u00f3n que carece de memoria hist\u00f3rica y colectiva genera que solo pocos sigan en pie de lucha en busca de la resignificaci\u00f3n.<\/p>\n<p>Hace 17 a\u00f1os, C\u00facuta vivi\u00f3 un episodio que quiz\u00e1 pocos recuerdan, la desaparici\u00f3n de dos estudiantes de la UFPS a manos de la AUC. El hecho conmovi\u00f3 y llen\u00f3 de temor a miembros de movimientos participantes en el ejercicio de exigir sus libertades. Al ser amenazados y asediados por el paramilitarismo, muchos se vieron obligados a salir de la regi\u00f3n para salvarse.<\/p>\n<p>Gerson Gallardo N. y Edwin Ariel L\u00f3pez Granados ten\u00edan aspiraciones similares: ver a la universidad llena de vida, generadora de conocimientos en pro de la excelencia acad\u00e9mica, basada en los valores. Como sujetos con autonom\u00eda y responsabilidad a\u00f1oraban apostarle al cambio y a la trasformaci\u00f3n del pa\u00eds.<\/p>\n<p>Destacaron entre el alumnado por el significativo liderazgo en movimientos estudiantiles, entre ellos la ACEU. Fueron fundadores, colaborares y editores de la revista Museo, \u00fanico medio de expresi\u00f3n de la comunidad estudiantil en ese entonces. En consecuencia, fueron el motivo para que los paramilitares los identificaran como \u201cintegrantes de la guerrilla\u201d.<\/p>\n<p>Gerson, de contextura delgada, cabello rizado y piel trigue\u00f1a, era apasionado por el teatro, la m\u00fasica y la cuenter\u00eda. Estudi\u00f3 biolog\u00eda y qu\u00edmica, y como muestra de dedicaci\u00f3n y disciplina asumi\u00f3 la representaci\u00f3n estudiantil. El amor y el compromiso con la UFPS eran las cualidades que lo destacaban.<\/p>\n<p>El 3 de abril de 2003, Gerson fue abordado por dos sujetos identificados como miembros de ACU, a la salida de la universidad, luego de terminar los compromisos acad\u00e9micos. Permaneci\u00f3 privado de la libertad dos largos meses. El cuerpo sin vida fue hallado, el 6 de junio, en el kil\u00f3metro 18 de la v\u00eda que de Tib\u00fa conduce al corregimiento La Gabarra, en El Catatumbo nortesantandereano.<\/p>\n<p>El 13 de abril, Edwin fue v\u00edctima del terrorismo y la guerra sucia. En la madrugada, varios hombres armados ingresaron a la vivienda de un familiar, en el barrio C\u00facuta 75, y se lo llevaron en contra de su voluntad.<\/p>\n<p>Ten\u00eda 26 a\u00f1os, terminaba las asignaturas de tecnolog\u00eda electromec\u00e1nica. Sobresal\u00eda por las iniciativas en pro de la comunidad universitaria; adem\u00e1s, ten\u00eda habilidades para la danza, el arte y la escritura. Ejerci\u00f3 como profesor de danzas en varias instituciones y coordinaba talleres de literatura y escritura en el Banco de la Rep\u00fablica.<\/p>\n<p>Luego de dos meses de la desaparici\u00f3n forzosa, la b\u00fasqueda incesante permiti\u00f3 hallar el cuerpo, con signos de tortura, junto al de Gerson.<\/p>\n<p>En esos 60 d\u00edas de desesperaci\u00f3n, incertidumbre y sufrimiento, la comunidad estudiantil, los familiares y los l\u00edderes sociales hicieron parte de movilizaciones para exigir la liberaci\u00f3n. Como respuesta, los paramilitares generaron terror entre quienes estuvieran en contra de sus ideolog\u00edas y manifestaran inconformismo por lo hecho.<\/p>\n<p>El asesinato de Gerson y Edwin qued\u00f3 en la impunidad. La UFPS, entre tanto, busca eliminar de la memoria colectiva y de la historia el sacrificio de los dos l\u00edderes. Los actos de conmemoraci\u00f3n son iniciativas organizadas por los estudiantes que buscan reflexi\u00f3n y reconstrucci\u00f3n de memoria colectiva mediante la danza, el arte, la poes\u00eda, la m\u00fasica y la escritura.<\/p>\n<p>El legado de Gallardo y L\u00f3pez sigue vigente entre la comunidad estudiantil y los cucute\u00f1os que anhelan, al igual que los sacrificados, academias cr\u00edticas para la construcci\u00f3n de la paz y de un futuro mejor.<\/p>\n<p><strong>G\u00c9NESIS FERNANDA ARIAS<\/strong><\/p>\n","protected":false},"excerpt":{"rendered":"<p>C\u00daCUTA.- Las violaciones a los derechos humanos, por lo general, han estado acompa\u00f1adas por el encubrimiento de verdades en las que est\u00e1n inmersas ciertas entidades del poder. Verdades que si llegan a salir a la opini\u00f3n causar\u00edan revuelo y perjudicar\u00edan a los responsables. Es por esta raz\u00f3n que han surgido cientos de colectivos, que mediante &hellip;<\/p>\n","protected":false},"author":1,"featured_media":36297,"comment_status":"open","ping_status":"open","sticky":false,"template":"","format":"standard","meta":{"footnotes":""},"categories":[10,4,5],"tags":[221,2705,5074],"class_list":["post-36296","post","type-post","status-publish","format-standard","has-post-thumbnail","hentry","category-cronicas","category-barra","category-justicia-transicional","tag-biblioteca-publica","tag-cronicas-contraluzcucuta","tag-memoria-colectiva"],"_links":{"self":[{"href":"https:\/\/contraluzcucuta.co\/index.php?rest_route=\/wp\/v2\/posts\/36296","targetHints":{"allow":["GET"]}}],"collection":[{"href":"https:\/\/contraluzcucuta.co\/index.php?rest_route=\/wp\/v2\/posts"}],"about":[{"href":"https:\/\/contraluzcucuta.co\/index.php?rest_route=\/wp\/v2\/types\/post"}],"author":[{"embeddable":true,"href":"https:\/\/contraluzcucuta.co\/index.php?rest_route=\/wp\/v2\/users\/1"}],"replies":[{"embeddable":true,"href":"https:\/\/contraluzcucuta.co\/index.php?rest_route=%2Fwp%2Fv2%2Fcomments&post=36296"}],"version-history":[{"count":1,"href":"https:\/\/contraluzcucuta.co\/index.php?rest_route=\/wp\/v2\/posts\/36296\/revisions"}],"predecessor-version":[{"id":36298,"href":"https:\/\/contraluzcucuta.co\/index.php?rest_route=\/wp\/v2\/posts\/36296\/revisions\/36298"}],"wp:featuredmedia":[{"embeddable":true,"href":"https:\/\/contraluzcucuta.co\/index.php?rest_route=\/wp\/v2\/media\/36297"}],"wp:attachment":[{"href":"https:\/\/contraluzcucuta.co\/index.php?rest_route=%2Fwp%2Fv2%2Fmedia&parent=36296"}],"wp:term":[{"taxonomy":"category","embeddable":true,"href":"https:\/\/contraluzcucuta.co\/index.php?rest_route=%2Fwp%2Fv2%2Fcategories&post=36296"},{"taxonomy":"post_tag","embeddable":true,"href":"https:\/\/contraluzcucuta.co\/index.php?rest_route=%2Fwp%2Fv2%2Ftags&post=36296"}],"curies":[{"name":"wp","href":"https:\/\/api.w.org\/{rel}","templated":true}]}}