{"id":36293,"date":"2020-09-13T17:41:54","date_gmt":"2020-09-13T22:41:54","guid":{"rendered":"http:\/\/contraluzcucuta.co\/?p=36293"},"modified":"2020-09-13T17:41:54","modified_gmt":"2020-09-13T22:41:54","slug":"punta-brava-habitantes-de-calle-atemorizan-a-la-comunidad","status":"publish","type":"post","link":"https:\/\/contraluzcucuta.co\/?p=36293","title":{"rendered":"PUNTA BRAVA. Habitantes de calle atemorizan a la comunidad"},"content":{"rendered":"<p style=\"padding-left: 40px; text-align: right;\"><strong><span style=\"color: #ff9900;\">C\u00daCUTA.- La comunidad vecina al sector Punta Brava, en el barrio Magdalena, ha reiterado quejas por el aumento de la percepci\u00f3n de inseguridad debido a la presencia de habitantes en condici\u00f3n de calle. La Secretar\u00eda de Seguridad Ciudadana acudi\u00f3 al llamado y efectu\u00f3 una intervenci\u00f3n a lo largo del Canal Bogot\u00e1. El ducto de aguas negras y lluvias ha sido tomado como refugio por hombres y mujeres que no tienen hogar.<\/span><\/strong><\/p>\n<p>Alejandro Mart\u00ednez, titular del despacho municipal, explic\u00f3 que, junto a la Oficina de Bienestar Social y la Polic\u00eda Metropolitana, se har\u00e1 el traslado de los habitantes de calle al Centro de Oportunidades. All\u00ed, les brindar\u00e1n \u201cuna luz para la resocializaci\u00f3n\u201d, asegur\u00f3 el funcionario.<\/p>\n<p>El objetivo es aprovechar las ofertas que entrega la administraci\u00f3n local en panader\u00eda, validaci\u00f3n de estudios, reposter\u00eda y pizzer\u00eda. De igual forma, se busca generar tranquilidad y seguridad a la comunidad.<\/p>\n<p>Mart\u00ednez invit\u00f3 a los cucute\u00f1os a denunciar ante las autoridades civiles o los cuadrantes de polic\u00eda la presencia de habitantes de calle, casos de hurto, extorsi\u00f3n y venta de alucin\u00f3genos en los barrios de la zona.<\/p>\n<p>\u201cContinuaremos con estos operativos para generar confianza y seguridad\u201d, agreg\u00f3 el secretario de Seguridad Ciudadana.<\/p>\n","protected":false},"excerpt":{"rendered":"<p>C\u00daCUTA.- La comunidad vecina al sector Punta Brava, en el barrio Magdalena, ha reiterado quejas por el aumento de la percepci\u00f3n de inseguridad debido a la presencia de habitantes en condici\u00f3n de calle. La Secretar\u00eda de Seguridad Ciudadana acudi\u00f3 al llamado y efectu\u00f3 una intervenci\u00f3n a lo largo del Canal Bogot\u00e1. El ducto de aguas &hellip;<\/p>\n","protected":false},"author":1,"featured_media":36294,"comment_status":"open","ping_status":"open","sticky":false,"template":"","format":"standard","meta":{"footnotes":""},"categories":[2625,4],"tags":[3524,323,163,5073],"class_list":["post-36293","post","type-post","status-publish","format-standard","has-post-thumbnail","hentry","category-alcaldia-de-cucuta","category-barra","tag-inseguridad-en-cucuta","tag-mecuc","tag-policia-metropolitana","tag-punta-brava"],"_links":{"self":[{"href":"https:\/\/contraluzcucuta.co\/index.php?rest_route=\/wp\/v2\/posts\/36293","targetHints":{"allow":["GET"]}}],"collection":[{"href":"https:\/\/contraluzcucuta.co\/index.php?rest_route=\/wp\/v2\/posts"}],"about":[{"href":"https:\/\/contraluzcucuta.co\/index.php?rest_route=\/wp\/v2\/types\/post"}],"author":[{"embeddable":true,"href":"https:\/\/contraluzcucuta.co\/index.php?rest_route=\/wp\/v2\/users\/1"}],"replies":[{"embeddable":true,"href":"https:\/\/contraluzcucuta.co\/index.php?rest_route=%2Fwp%2Fv2%2Fcomments&post=36293"}],"version-history":[{"count":1,"href":"https:\/\/contraluzcucuta.co\/index.php?rest_route=\/wp\/v2\/posts\/36293\/revisions"}],"predecessor-version":[{"id":36295,"href":"https:\/\/contraluzcucuta.co\/index.php?rest_route=\/wp\/v2\/posts\/36293\/revisions\/36295"}],"wp:featuredmedia":[{"embeddable":true,"href":"https:\/\/contraluzcucuta.co\/index.php?rest_route=\/wp\/v2\/media\/36294"}],"wp:attachment":[{"href":"https:\/\/contraluzcucuta.co\/index.php?rest_route=%2Fwp%2Fv2%2Fmedia&parent=36293"}],"wp:term":[{"taxonomy":"category","embeddable":true,"href":"https:\/\/contraluzcucuta.co\/index.php?rest_route=%2Fwp%2Fv2%2Fcategories&post=36293"},{"taxonomy":"post_tag","embeddable":true,"href":"https:\/\/contraluzcucuta.co\/index.php?rest_route=%2Fwp%2Fv2%2Ftags&post=36293"}],"curies":[{"name":"wp","href":"https:\/\/api.w.org\/{rel}","templated":true}]}}