{"id":36288,"date":"2020-09-13T17:17:12","date_gmt":"2020-09-13T22:17:12","guid":{"rendered":"http:\/\/contraluzcucuta.co\/?p=36288"},"modified":"2020-09-13T17:17:12","modified_gmt":"2020-09-13T22:17:12","slug":"visor-la-fiebre-no-esta-en-la-sabana","status":"publish","type":"post","link":"https:\/\/contraluzcucuta.co\/?p=36288","title":{"rendered":"VISOR. La fiebre no est\u00e1 en la s\u00e1bana"},"content":{"rendered":"<p>Lo que se ha visto en los \u00faltimos d\u00edas en el pa\u00eds no es m\u00e1s que el hartazgo de la sociedad. Que no son todos, s\u00ed, que cada vez son m\u00e1s, s\u00ed. Es que no tiene presentaci\u00f3n que quienes est\u00e1n para garantizar y salvaguardar la integridad de los ciudadanos hoy la est\u00e9n pasando por encima de ellos. Cada d\u00eda salen a la luz m\u00e1s y m\u00e1s videos en los que se ve a polic\u00edas vulnerando derechos, golpeando y sometiendo a toda clase de vej\u00e1menes a cualquiera que se les atraviese, aun si no est\u00e1n inmersos en protestas. Todo esto gracias a los alcances de las redes sociales.<\/p>\n<p>Es visible el uso desmedido de la fuerza que ejerce la polic\u00eda en las personas, sin importar qu\u00e9 tipo de arma usen. Se habla de armas no letales, de baja letalidad y letales, armas que a fin de cuentas est\u00e1n para que nos garantices una convivencia en paz. Porque esas armas est\u00e1n para eso, para defender al pueblo, no para reprimirlo y menos en esas magnitudes, hasta el punto del asesinato.<\/p>\n<p>Como pas\u00f3 en Bogot\u00e1 con el abogado que la polic\u00eda mat\u00f3 a golpes dentro de un CAI y que solo para su inmovilizaci\u00f3n recibi\u00f3 12 descargas el\u00e9ctricas en el cuerpo. Eso no es producto de una manzana podrida, eso simplemente es un asesinato. As\u00ed la bancada del Centro Democr\u00e1tico quiera legitimar todo tipo de abuso \u00a1es un asesinato!<\/p>\n<p>La rabia con que la polic\u00eda ataca a la gente demuestra que quienes portan uniforme no lo hacen por vocaci\u00f3n, no son fieles en el cumplimiento de las obligaciones como policiales. Bien reza la oraci\u00f3n del polic\u00eda \u201cDame Se\u00f1or paciencia, prudencia e inteligencia, para servir\u2026\u201d \u00a0y ni qu\u00e9 decir de la oraci\u00f3n.<\/p>\n<p><a href=\"https:\/\/contraluzcucuta.co\/wp-content\/uploads\/2020\/09\/POLICIA-METROPOLITANA-2.jpg\"><img loading=\"lazy\" decoding=\"async\" class=\"alignnone size-medium wp-image-36290\" src=\"https:\/\/contraluzcucuta.co\/wp-content\/uploads\/2020\/09\/POLICIA-METROPOLITANA-2-300x200.jpg\" alt=\"\" width=\"300\" height=\"200\" srcset=\"https:\/\/contraluzcucuta.co\/wp-content\/uploads\/2020\/09\/POLICIA-METROPOLITANA-2-300x200.jpg 300w, https:\/\/contraluzcucuta.co\/wp-content\/uploads\/2020\/09\/POLICIA-METROPOLITANA-2-600x400.jpg 600w, https:\/\/contraluzcucuta.co\/wp-content\/uploads\/2020\/09\/POLICIA-METROPOLITANA-2-1024x683.jpg 1024w, https:\/\/contraluzcucuta.co\/wp-content\/uploads\/2020\/09\/POLICIA-METROPOLITANA-2-768x512.jpg 768w, https:\/\/contraluzcucuta.co\/wp-content\/uploads\/2020\/09\/POLICIA-METROPOLITANA-2.jpg 1500w\" sizes=\"auto, (max-width: 300px) 100vw, 300px\" \/><\/a> <a href=\"https:\/\/contraluzcucuta.co\/wp-content\/uploads\/2020\/09\/POLICIA-METROPOLITANA-3.jpg\"><img loading=\"lazy\" decoding=\"async\" class=\"alignnone size-medium wp-image-36291\" src=\"https:\/\/contraluzcucuta.co\/wp-content\/uploads\/2020\/09\/POLICIA-METROPOLITANA-3-300x200.jpg\" alt=\"\" width=\"300\" height=\"200\" srcset=\"https:\/\/contraluzcucuta.co\/wp-content\/uploads\/2020\/09\/POLICIA-METROPOLITANA-3-300x200.jpg 300w, https:\/\/contraluzcucuta.co\/wp-content\/uploads\/2020\/09\/POLICIA-METROPOLITANA-3-600x400.jpg 600w, https:\/\/contraluzcucuta.co\/wp-content\/uploads\/2020\/09\/POLICIA-METROPOLITANA-3-1024x683.jpg 1024w, https:\/\/contraluzcucuta.co\/wp-content\/uploads\/2020\/09\/POLICIA-METROPOLITANA-3-768x512.jpg 768w, https:\/\/contraluzcucuta.co\/wp-content\/uploads\/2020\/09\/POLICIA-METROPOLITANA-3.jpg 1500w\" sizes=\"auto, (max-width: 300px) 100vw, 300px\" \/><\/a><\/p>\n<p>Es justo lo que no tiene hoy. No sirven a la sociedad, no protegen la vida. Los efectivos de la polic\u00eda est\u00e1n mostrando que su trabajo no se lleva en el coraz\u00f3n, no se hace con amor, ni mucho menos con respeto. Pareciera m\u00e1s que lo hicieran obligados. Son polic\u00edas porque el Estado no garantiza m\u00e1s oportunidades a la juventud y no hay m\u00e1s alternativa que engrosar las filas de la hoy muy mal parada Polic\u00eda.<\/p>\n<p>Expuesto lo anterior, est\u00e1 claro que agredir a la gente, incluso a quienes no est\u00e1n en las calles, como se ha visto en los \u00faltimos videos de otras ciudades, es la \u00fanica manera que tienen lo agentes para liberar su rabia, para dejar salir ese rencor social de no ser algo que so\u00f1aron desde ni\u00f1os, por condici\u00f3n social.<\/p>\n<p>Tambi\u00e9n, queda en evidencia que tenemos una polic\u00eda mal educada, patrulleros y oficiales que son puestos en la calle no con la meta clara de combatir a la delincuencia, sino de agredir a quien no se arrodille a sus extorciones, o a quienes est\u00e9n en contra de los p\u00e9simos procedimientos que hacen.<\/p>\n<p>Esto que sucede con la polic\u00eda, creo en mi profunda insensatez, que no merece una costosa reforma. Es cuesti\u00f3n de politizar menos la instituci\u00f3n, de educar m\u00e1s, de prepararlos mejor, de no ofrecer embajadas ni puestos burocr\u00e1ticos a los excomandantes, de dejarlos en el uso del buen retiro meritorio y no podrirlos con la burocracia al final de la carrera. Entonces, la soluci\u00f3n est\u00e1 dentro de la instituci\u00f3n, porque \u2018la fiebre no est\u00e1 en la sabana\u2019, est\u00e1 en el paciente.<\/p>\n<p><strong>MARIO CAICEDO<\/strong><\/p>\n<p><strong>mariocaicedo30@gmail.com<\/strong><\/p>\n","protected":false},"excerpt":{"rendered":"<p>Lo que se ha visto en los \u00faltimos d\u00edas en el pa\u00eds no es m\u00e1s que el hartazgo de la sociedad. Que no son todos, s\u00ed, que cada vez son m\u00e1s, s\u00ed. Es que no tiene presentaci\u00f3n que quienes est\u00e1n para garantizar y salvaguardar la integridad de los ciudadanos hoy la est\u00e9n pasando por encima &hellip;<\/p>\n","protected":false},"author":1,"featured_media":36289,"comment_status":"open","ping_status":"open","sticky":false,"template":"","format":"standard","meta":{"footnotes":""},"categories":[14,4],"tags":[5071,293,209,5072],"class_list":["post-36288","post","type-post","status-publish","format-standard","has-post-thumbnail","hentry","category-articulistas","category-barra","tag-manifestaciones","tag-policia-metropolitana-de-cucuta","tag-policia-nacional","tag-protestas"],"_links":{"self":[{"href":"https:\/\/contraluzcucuta.co\/index.php?rest_route=\/wp\/v2\/posts\/36288","targetHints":{"allow":["GET"]}}],"collection":[{"href":"https:\/\/contraluzcucuta.co\/index.php?rest_route=\/wp\/v2\/posts"}],"about":[{"href":"https:\/\/contraluzcucuta.co\/index.php?rest_route=\/wp\/v2\/types\/post"}],"author":[{"embeddable":true,"href":"https:\/\/contraluzcucuta.co\/index.php?rest_route=\/wp\/v2\/users\/1"}],"replies":[{"embeddable":true,"href":"https:\/\/contraluzcucuta.co\/index.php?rest_route=%2Fwp%2Fv2%2Fcomments&post=36288"}],"version-history":[{"count":1,"href":"https:\/\/contraluzcucuta.co\/index.php?rest_route=\/wp\/v2\/posts\/36288\/revisions"}],"predecessor-version":[{"id":36292,"href":"https:\/\/contraluzcucuta.co\/index.php?rest_route=\/wp\/v2\/posts\/36288\/revisions\/36292"}],"wp:featuredmedia":[{"embeddable":true,"href":"https:\/\/contraluzcucuta.co\/index.php?rest_route=\/wp\/v2\/media\/36289"}],"wp:attachment":[{"href":"https:\/\/contraluzcucuta.co\/index.php?rest_route=%2Fwp%2Fv2%2Fmedia&parent=36288"}],"wp:term":[{"taxonomy":"category","embeddable":true,"href":"https:\/\/contraluzcucuta.co\/index.php?rest_route=%2Fwp%2Fv2%2Fcategories&post=36288"},{"taxonomy":"post_tag","embeddable":true,"href":"https:\/\/contraluzcucuta.co\/index.php?rest_route=%2Fwp%2Fv2%2Ftags&post=36288"}],"curies":[{"name":"wp","href":"https:\/\/api.w.org\/{rel}","templated":true}]}}