{"id":36284,"date":"2020-09-11T18:31:15","date_gmt":"2020-09-11T23:31:15","guid":{"rendered":"http:\/\/contraluzcucuta.co\/?p=36284"},"modified":"2020-09-11T18:31:15","modified_gmt":"2020-09-11T23:31:15","slug":"casa-de-la-verdad-hogar-para-las-victimas-del-conflicto","status":"publish","type":"post","link":"https:\/\/contraluzcucuta.co\/?p=36284","title":{"rendered":"CASA DE LA VERDAD: Hogar para las v\u00edctimas del conflicto"},"content":{"rendered":"<p style=\"padding-left: 40px; text-align: right;\"><strong><span style=\"color: #ff9900;\">C\u00daCUTA.- La tarde del jueves se vio iluminada de conocimiento. El tema, para muchos, pasa a un segundo plano, mientras que para Miguel es el diario vivir. El conflicto armado ha interrumpido la tranquilidad de millares de nortesantandereanos, ha violado innumerables derechos y, aun as\u00ed, pocos conocen del conflicto. No porque no se haya hecho p\u00fablico, sino porque no todos llegan al fondo del asunto.<\/span><\/strong><\/p>\n<p>Miguel entra en las excepciones. Es de los pocos a quienes les ha interesado conocer de lleno lo que hay detr\u00e1s de este problema. Es el analista territorial de La Casa de la Verdad y no lleg\u00f3 all\u00ed por casualidad, fue impulsado por la necesidad de ayudar a los dem\u00e1s y de ser medio para sopesar, de alguna manera, el dolor que las v\u00edctimas llevan a cuestas. Pese a no ser nortesantandereano, ama a esta tierra y trabaja arduamente para sacarla adelante.<\/p>\n<p>Dibuja una leve sonrisa al expresar satisfacci\u00f3n por ser veh\u00edculo para construir paz. Tambi\u00e9n, se estremece al escuchar casos dolorosos que con frecuencia atentan contra la dignidad del ser humano.<\/p>\n<p>La construcci\u00f3n blanca, con puertas y ventanas negras, es la representaci\u00f3n m\u00e1s cercana que las v\u00edctimas del conflicto armado tienen de lo que es un hogar. Un lugar donde sus voces, a\u00fan quebradas por el sufrimiento, son escuchadas. Las paredes de concreto guardan los relatos aterradores e inimaginables que hombres y mujeres cuentan. Esa es La Casa de la Verdad.<\/p>\n<p>No funciona como cualquiera de las otras edificaciones donde hay gente encargada de tratar este conflicto. El origen se dio a partir del quinto punto del Acuerdo de Paz, que propone la creaci\u00f3n del Sistema Integral de Verdad, Justicia, Reparaci\u00f3n y No repetici\u00f3n. Aqu\u00ed, la preocupaci\u00f3n radica en entender no solo a las v\u00edctimas registradas en asociaciones, tambi\u00e9n son escuchados aquellos que desde otros \u00e1ngulos han vivido el azote de la violencia.<\/p>\n<p>Miguel, con voz suave, pero determinante, se preocup\u00f3 por dejar claro que en este lugar no se pretende brindar un tipo de reparaci\u00f3n integral. La misi\u00f3n se centra en la reparaci\u00f3n de car\u00e1cter sicosocial. Se vio la necesidad de llevar este tipo de organizaciones a los territorios y que, desde all\u00ed, a partir del n\u00facleo del problema, se investigara la realidad de las v\u00edctimas. \u00bfC\u00f3mo viv\u00edan antes de la violencia? \u00bfCu\u00e1les eran sus sue\u00f1os? \u00bfDe qu\u00e9 manera ven a los victimarios? Estos son parte de los interrogantes que se hacen Miguel y el equipo de trabajo de La Casa de la Verdad.<\/p>\n<p>La satisfacci\u00f3n aflora en su voz al asegurar que cerca del 80 % de las v\u00edctimas (o por lo menos un representante), ha logrado establecer v\u00ednculo con La Casa y ha sido escuchado.<\/p>\n<p>La Casa, de puertas abiertas en sentido figurado, refleja trasparencia y esperanza. Es el espacio donde el di\u00e1logo y el compartir alivian las heridas causadas por la violencia y es posible construir de manera mancomunada propuestas encaminadas a la paz.<\/p>\n<p>Retrocede 3 a\u00f1os para recordar con humildad el proceso que efectu\u00f3 para unirse a la instituci\u00f3n. En primer lugar, se registr\u00f3 en la convocatoria p\u00fablica ofertada. Luego, tuvo que demostrar que el perfil encajaba perfectamente en lo solicitado. No cualquiera puede entrar. No porque sea un grupo exclusivo, sino por la responsabilidad que lleva trabajar con esta poblaci\u00f3n. Los aspirantes deben tener experiencia y preparaci\u00f3n en el tema.<\/p>\n<p>Miguel y los dem\u00e1s miembros del hogar, se formaron durante tres meses para saber acompa\u00f1ar a las v\u00edctimas. Era indispensable que los pilares de La Casa estuvieran s\u00f3lidos para cargar el peso del conflicto. Desde noviembre de 2018, comenzar\u00edan a escuchar historias.<\/p>\n<p>Esta rigurosidad permite que La Casa de la Verdad genere confianza y credibilidad. Ha llegado a ser lugar de acogida y de encuentros, donde se hallan aglomeradas diferentes manifestaciones con un punto en com\u00fan. Exposiciones, conversatorios, debates, tertulias y charlas ligeras se han llevado a cabo.<\/p>\n<p>Gracias a esta Casa y al equipo, quienes han sufrido por la violencia han logrado visibilizar la lucha por la justicia. Encontraron un punto de partida desde donde pueden sobrellevar la vida. Han sido orientados y direccionados hacia las entidades pertinentes para dar continuidad con los casos y, ante todo, encontraron un espacio donde se hace a un lado lo burocr\u00e1tico de una oficina y prevalece la humanidad de un refugio, de un hogar.<\/p>\n<p><strong>DIANA JOSEFA VALDERRAMA<\/strong><\/p>\n","protected":false},"excerpt":{"rendered":"<p>C\u00daCUTA.- La tarde del jueves se vio iluminada de conocimiento. El tema, para muchos, pasa a un segundo plano, mientras que para Miguel es el diario vivir. El conflicto armado ha interrumpido la tranquilidad de millares de nortesantandereanos, ha violado innumerables derechos y, aun as\u00ed, pocos conocen del conflicto. No porque no se haya hecho &hellip;<\/p>\n","protected":false},"author":1,"featured_media":36286,"comment_status":"open","ping_status":"open","sticky":false,"template":"","format":"standard","meta":{"footnotes":""},"categories":[10,4,5],"tags":[5070,157],"class_list":["post-36284","post","type-post","status-publish","format-standard","has-post-thumbnail","hentry","category-cronicas","category-barra","category-justicia-transicional","tag-casa-de-la-verdad","tag-justicia-transicional-2"],"_links":{"self":[{"href":"https:\/\/contraluzcucuta.co\/index.php?rest_route=\/wp\/v2\/posts\/36284","targetHints":{"allow":["GET"]}}],"collection":[{"href":"https:\/\/contraluzcucuta.co\/index.php?rest_route=\/wp\/v2\/posts"}],"about":[{"href":"https:\/\/contraluzcucuta.co\/index.php?rest_route=\/wp\/v2\/types\/post"}],"author":[{"embeddable":true,"href":"https:\/\/contraluzcucuta.co\/index.php?rest_route=\/wp\/v2\/users\/1"}],"replies":[{"embeddable":true,"href":"https:\/\/contraluzcucuta.co\/index.php?rest_route=%2Fwp%2Fv2%2Fcomments&post=36284"}],"version-history":[{"count":1,"href":"https:\/\/contraluzcucuta.co\/index.php?rest_route=\/wp\/v2\/posts\/36284\/revisions"}],"predecessor-version":[{"id":36287,"href":"https:\/\/contraluzcucuta.co\/index.php?rest_route=\/wp\/v2\/posts\/36284\/revisions\/36287"}],"wp:featuredmedia":[{"embeddable":true,"href":"https:\/\/contraluzcucuta.co\/index.php?rest_route=\/wp\/v2\/media\/36286"}],"wp:attachment":[{"href":"https:\/\/contraluzcucuta.co\/index.php?rest_route=%2Fwp%2Fv2%2Fmedia&parent=36284"}],"wp:term":[{"taxonomy":"category","embeddable":true,"href":"https:\/\/contraluzcucuta.co\/index.php?rest_route=%2Fwp%2Fv2%2Fcategories&post=36284"},{"taxonomy":"post_tag","embeddable":true,"href":"https:\/\/contraluzcucuta.co\/index.php?rest_route=%2Fwp%2Fv2%2Ftags&post=36284"}],"curies":[{"name":"wp","href":"https:\/\/api.w.org\/{rel}","templated":true}]}}