{"id":36270,"date":"2020-09-11T12:01:28","date_gmt":"2020-09-11T17:01:28","guid":{"rendered":"http:\/\/contraluzcucuta.co\/?p=36270"},"modified":"2020-09-11T12:01:28","modified_gmt":"2020-09-11T17:01:28","slug":"comentario-la-violencia-policial","status":"publish","type":"post","link":"https:\/\/contraluzcucuta.co\/?p=36270","title":{"rendered":"COMENTARIO. La violencia policial"},"content":{"rendered":"<p style=\"padding-left: 40px; text-align: right;\"><strong><span style=\"color: #ff9900;\">V\u00e1lida la indignaci\u00f3n popular por la violencia policial. La Fuerza P\u00fablica debe guiarse por su obligaci\u00f3n constitucional de respetar los derechos humanos y el Derecho Internacional Humanitario. Atacar poblaci\u00f3n indefensa es un grave crimen que evidencia la crisis de valores dentro de la instituci\u00f3n.<\/span><\/strong><\/p>\n<p>Lo ocurrido al abogado Javier Ord\u00f3\u00f1ez es un procedimiento indignante y condenable, deton\u00f3 la ira popular por lo recurrentes que son estos hechos. M\u00e1s ira siente la ciudadan\u00eda cuando se justifica la criminalidad policial y se trata de v\u00e1ndalos a las v\u00edctimas.<\/p>\n<p>Las protestas por la muerte de Javier Ordo\u00f1ez se enfilaron contra estaciones de polic\u00eda y la reacci\u00f3n provoc\u00f3 nuevos cr\u00edmenes. La polic\u00eda utiliz\u00f3 sus armas de dotaci\u00f3n contra poblaci\u00f3n indefensa y esta irracionalidad en una democracia moderna es inconcebible. Solo pasa sin pena ni gloria en una rep\u00fablica bananera como la nuestra.<\/p>\n<p>La polic\u00eda viene de la doctrina goda que inspiraba las masacres a liberales y comunistas, y luego pas\u00f3 a recibir el cuerpo de doctrina gringa de seguridad nacional y enemigo interno que la envenen\u00f3 y la descompuso mucho m\u00e1s. Por esa causa, la instituci\u00f3n result\u00f3 implicada con las mafias, el paramilitarismo, la corrupci\u00f3n y la comisi\u00f3n de delitos atroces. Archivaron la Constituci\u00f3n Pol\u00edtica y se dedicaron a delinquir para defender intereses de nefandos grupos de poder pol\u00edtico y econ\u00f3mico. El mal ejemplo viene desde la Casa de Nari\u00f1o, donde se han confabulado para delinquir en asuntos claves de la pol\u00edtica en Colombia.<\/p>\n<p>Respeto mucho la decisi\u00f3n que tome la ciudadan\u00eda para reflejar la justa indignaci\u00f3n frente a la arbitrariedad de la Fuerza P\u00fablica; empero, considero que apelar a la movilizaci\u00f3n pac\u00edfica podr\u00eda generar mejores resultados y menos probabilidad que justifiquen la arbitrariedad policial.<\/p>\n<p>La movilizaci\u00f3n debe ser contundente y tener un horizonte claro respecto al problema. Hay que exigir reformas de fondo a la doctrina militar y policial y cambios organizativos que respondan al imperativo de humanizar las instituciones policiales y militares.<\/p>\n<p>Precisamente, por estos problemas intentamos que de la negociaci\u00f3n de paz de La Habana saliera una idea visionaria de doctrina militar y policial. Se hizo imposible, porque la implementaci\u00f3n de pol\u00edticas neoliberales va de la mano con la violencia contra la protesta social, que es un efecto natural del desastre econ\u00f3mico, social y ambiental que genera el neoliberalismo.<\/p>\n<p>Planteadas la situaci\u00f3n de esta manera, a quien hay que pedirle cuentas por este estado de cosas inconstitucionales es a un sistema dominante que se resiste al cambio de paradigma. Hay que pedirles cuentas al presidente Duque, al Ministro de Defensa, a la c\u00fapula policial y militar. Son ellos quienes tienen responsabilidades de dar protecci\u00f3n a la ciudadan\u00eda.<\/p>\n<p>La protesta debe exigir reformas en el Congreso a la doctrina militar de Estado, d\u00e1ndole contenidos \u00e9ticos y humanistas que respondan al contexto de b\u00fasquedas civilizadas al conflicto social y armado para la construcci\u00f3n de una paz estable y duradera.<\/p>\n<p><strong>RUB\u00c9N ZAMORA<\/strong><\/p>\n","protected":false},"excerpt":{"rendered":"<p>V\u00e1lida la indignaci\u00f3n popular por la violencia policial. La Fuerza P\u00fablica debe guiarse por su obligaci\u00f3n constitucional de respetar los derechos humanos y el Derecho Internacional Humanitario. Atacar poblaci\u00f3n indefensa es un grave crimen que evidencia la crisis de valores dentro de la instituci\u00f3n. Lo ocurrido al abogado Javier Ord\u00f3\u00f1ez es un procedimiento indignante y &hellip;<\/p>\n","protected":false},"author":1,"featured_media":36271,"comment_status":"open","ping_status":"open","sticky":false,"template":"","format":"standard","meta":{"footnotes":""},"categories":[14,4],"tags":[726,5066,3870,5065],"class_list":["post-36270","post","type-post","status-publish","format-standard","has-post-thumbnail","hentry","category-articulistas","category-barra","tag-policia-de-colombia","tag-protestas-en-bogota","tag-ruben-zamora","tag-violencia-policial"],"_links":{"self":[{"href":"https:\/\/contraluzcucuta.co\/index.php?rest_route=\/wp\/v2\/posts\/36270","targetHints":{"allow":["GET"]}}],"collection":[{"href":"https:\/\/contraluzcucuta.co\/index.php?rest_route=\/wp\/v2\/posts"}],"about":[{"href":"https:\/\/contraluzcucuta.co\/index.php?rest_route=\/wp\/v2\/types\/post"}],"author":[{"embeddable":true,"href":"https:\/\/contraluzcucuta.co\/index.php?rest_route=\/wp\/v2\/users\/1"}],"replies":[{"embeddable":true,"href":"https:\/\/contraluzcucuta.co\/index.php?rest_route=%2Fwp%2Fv2%2Fcomments&post=36270"}],"version-history":[{"count":1,"href":"https:\/\/contraluzcucuta.co\/index.php?rest_route=\/wp\/v2\/posts\/36270\/revisions"}],"predecessor-version":[{"id":36272,"href":"https:\/\/contraluzcucuta.co\/index.php?rest_route=\/wp\/v2\/posts\/36270\/revisions\/36272"}],"wp:featuredmedia":[{"embeddable":true,"href":"https:\/\/contraluzcucuta.co\/index.php?rest_route=\/wp\/v2\/media\/36271"}],"wp:attachment":[{"href":"https:\/\/contraluzcucuta.co\/index.php?rest_route=%2Fwp%2Fv2%2Fmedia&parent=36270"}],"wp:term":[{"taxonomy":"category","embeddable":true,"href":"https:\/\/contraluzcucuta.co\/index.php?rest_route=%2Fwp%2Fv2%2Fcategories&post=36270"},{"taxonomy":"post_tag","embeddable":true,"href":"https:\/\/contraluzcucuta.co\/index.php?rest_route=%2Fwp%2Fv2%2Ftags&post=36270"}],"curies":[{"name":"wp","href":"https:\/\/api.w.org\/{rel}","templated":true}]}}