{"id":36258,"date":"2020-09-09T14:41:46","date_gmt":"2020-09-09T19:41:46","guid":{"rendered":"http:\/\/contraluzcucuta.co\/?p=36258"},"modified":"2020-09-09T14:41:46","modified_gmt":"2020-09-09T19:41:46","slug":"necrologia-yo-hable-cinco-minutos-con-maradona-eduardo-jaimes","status":"publish","type":"post","link":"https:\/\/contraluzcucuta.co\/?p=36258","title":{"rendered":"NECROLOG\u00cdA. \u201cYo habl\u00e9 cinco minutos con Maradona\u201d: Eduardo Jaimes"},"content":{"rendered":"<p style=\"padding-left: 40px; text-align: right;\"><span style=\"color: #ff9900;\"><em>Nota publicada el 29 de julio de 2017. Hoy, la retomamos como homenaje a este hombre sencillo, trabajador y decente. Paz en su tumba.<\/em><\/span><\/p>\n<p style=\"padding-left: 40px;\">\n<p><strong>C\u00daCUTA.-<\/strong> Inici\u00e9 en el periodismo deportivo, en 1973, en el programa \u2018Buenos d\u00edas domingo\u2019, que nos cedi\u00f3 don Carlos Ram\u00edrez Par\u00eds. Ah\u00ed creamos la secci\u00f3n de deportes. Entr\u00e9, primero que todo, porque fui futbolista, fui deportista. En Durania tuve la oportunidad de integrar la selecci\u00f3n en un departamental; despu\u00e9s, hice el curso de entrenador con Rub\u00e9n Bravo (1967 \u2013 68), y me gustaban el deporte aficionado y el C\u00facuta Deportivo.<\/p>\n<p>Comenc\u00e9 en Radio Guimaral; luego, pas\u00e9 a la Voz de la Gran Colombia; posteriormente, Pedro Pablo D\u00edaz Gonz\u00e1lez, ten\u00eda el programa \u2018Altivez, en la Voz del Norte\u2019, me llev\u00f3 para que leyera los comerciales, pero result\u00e9 leyendo las noticias y \u00e9l los comerciales. M\u00e1s adelante estuve en Radio Tasajero, Colmundo Radio, Radio Tonchal\u00e1 y ahora en Radio Monumental.<\/p>\n<p>\u2018Atlas Deportivo\u2019 inici\u00f3 con un nombre distinto. Se llamaba \u2018Deporte en marcha\u2019. Pero me llev\u00e9 uno de esos socios que consigue uno en el camino y de un momento a otro se retir\u00f3 del programa. Est\u00e1bamos en Transmisora Universal. Escuch\u00e9 el nombre en una emisora de Caracas y copi\u00e9. Era 1973.<\/p>\n<p>\u2018Atlas Deportivo\u2019 me ha permitido servirle al deporte aficionado de C\u00facuta y Norte de Santander. Siempre he pensado que la radio es para hacer amigos y me he ganado muchas amistades, la gente me conoce. Me ha permitido servirles a los dirigentes deportivos e informar, que es lo m\u00e1s importante.<\/p>\n<p>Antiguamente, \u00edbamos a las canchas Manino Escobar, Coca-Cola, Pescadero, Atalaya, a hacer las entrevistas con jugadores y les d\u00e1bamos la vuelta a las Ligas. La mejor \u00e9poca fue cuando tuvimos el programa los domingos. Tuve la oportunidad de ser vicepresidente del club Comercial Chino y de asistir por la Liga del F\u00fatbol al nacional (1970), en representaci\u00f3n de Cicrodeportes Norte de Santander.<\/p>\n<p>Empec\u00e9 con Jos\u00e9 Mar\u00eda Gallo, que era el s\u00edndico de la Universidad Libre; luego, Jaime Contreras Valero, Alfonso Castillo, Jorge Corredor, Jos\u00e9 Antonio Caicedo, Pedro J\u00e1uregui (corresponsal de la h\u00edpica), Pedro Rangel, Hern\u00e1n Sep\u00falveda y otra cantidad de amigos que me han respaldado.<\/p>\n<p>Mantenerme en la radio ha sido dif\u00edcil. El peor momento ha sido este (2017), por la financiaci\u00f3n del espacio. En a\u00f1os anteriores los costos de los programas eran bajos. Cundo inici\u00e9 pagaba por el programa $ 300, por tres horas en domingo. Hoy, se paga much\u00edsimo. He tenido patrocinadores, durante 20 a 25 a\u00f1os de amigos del deporte aficionado. Ahora, vivo de las pautas oficiales y de una o dos empresas privadas para sostenerme. El 2017, ha sido el m\u00e1s dif\u00edcil de los 43 a\u00f1os de Atlas Deportivo.<\/p>\n<p>He tenido como pasatiempo coleccionar voces de dirigentes, periodistas, deportistas, en 300 casetes. Tengo la voz de periodistas fallecidos y los grab\u00e9 en un disco compacto para participar en el premio regional del C\u00edrculo de Periodistas y Comunicadores de Norte de Santander. Los s\u00e1bados reviso el material. Encontr\u00e9 un casete de los comienzos de \u2018Buenos d\u00edas domingo\u2019.<\/p>\n<p>En 1977 \u2013 78, vino Argenino Juniors a jugar un partido por la Copa Libertadores contra Deportivo T\u00e1chira. Guillermo L\u00f3pez Jaimes me invit\u00f3 al aeropuerto Camilo Daza para hacer las entrevistas. Compr\u00f3 un casete nuevo, pasamos a la pista y abordamos a Diego Armando Maradona. Gentil nos dio la entrevista que dur\u00f3 cinco minutos. Nos despedimos felices. Al escuchar la entrevista, no hab\u00eda grabado nada, perdimos el trabajo y una de mis mejores entrevistas.<\/p>\n<p>Tengo otras entrevistas con Alejandro Sinisterra (portero del C\u00facuta), Juan de Dios D\u00edaz (cucute\u00f1o) y Douglas Superlano (ciclista cucute\u00f1o), corri\u00f3 la Vuelta a Colombia en 1954. En los Mundiales de Ciclismo, en San Crist\u00f3bal, conoc\u00ed y habl\u00e9 con Eddy Merckx y Fausto Coppi.<\/p>\n<p>La colecci\u00f3n de voces ha sido durante los \u00faltimos 40 a\u00f1os. La biblioteca p\u00fablica Julio P\u00e9rez Ferrero me propuso que la donara, que cuando me muera quedo en la historia. Le dije, \u2018s\u00ed, pero mientras me muero qu\u00e9 hago\u2019. Le dije que ced\u00eda los casetes, pero con un reconocimiento econ\u00f3mico. No ha habido respuesta.<\/p>\n<p>Quiero pasarlos a discos compactos y entregarlos a emisoras, al peri\u00f3dico local y a los periodistas para que los retransmitan a los oyentes de la radio cucute\u00f1a.<\/p>\n<p><strong>RAFAEL ANTONIO PAB\u00d3N<\/strong><\/p>\n<p><strong>rafaelpabon58@hotmail.com<\/strong><\/p>\n","protected":false},"excerpt":{"rendered":"<p>Nota publicada el 29 de julio de 2017. Hoy, la retomamos como homenaje a este hombre sencillo, trabajador y decente. Paz en su tumba. C\u00daCUTA.- Inici\u00e9 en el periodismo deportivo, en 1973, en el programa \u2018Buenos d\u00edas domingo\u2019, que nos cedi\u00f3 don Carlos Ram\u00edrez Par\u00eds. Ah\u00ed creamos la secci\u00f3n de deportes. Entr\u00e9, primero que todo, &hellip;<\/p>\n","protected":false},"author":1,"featured_media":36259,"comment_status":"open","ping_status":"open","sticky":false,"template":"","format":"standard","meta":{"footnotes":""},"categories":[4,1967],"tags":[1244,3727,3726,2666,1948],"class_list":["post-36258","post","type-post","status-publish","format-standard","has-post-thumbnail","hentry","category-barra","category-necrologias","tag-acord-norte-de-santander","tag-atlas-deportivo","tag-eduardo-jaimes","tag-futbol-aficionado","tag-necrologias-cucutenas"],"_links":{"self":[{"href":"https:\/\/contraluzcucuta.co\/index.php?rest_route=\/wp\/v2\/posts\/36258","targetHints":{"allow":["GET"]}}],"collection":[{"href":"https:\/\/contraluzcucuta.co\/index.php?rest_route=\/wp\/v2\/posts"}],"about":[{"href":"https:\/\/contraluzcucuta.co\/index.php?rest_route=\/wp\/v2\/types\/post"}],"author":[{"embeddable":true,"href":"https:\/\/contraluzcucuta.co\/index.php?rest_route=\/wp\/v2\/users\/1"}],"replies":[{"embeddable":true,"href":"https:\/\/contraluzcucuta.co\/index.php?rest_route=%2Fwp%2Fv2%2Fcomments&post=36258"}],"version-history":[{"count":1,"href":"https:\/\/contraluzcucuta.co\/index.php?rest_route=\/wp\/v2\/posts\/36258\/revisions"}],"predecessor-version":[{"id":36260,"href":"https:\/\/contraluzcucuta.co\/index.php?rest_route=\/wp\/v2\/posts\/36258\/revisions\/36260"}],"wp:featuredmedia":[{"embeddable":true,"href":"https:\/\/contraluzcucuta.co\/index.php?rest_route=\/wp\/v2\/media\/36259"}],"wp:attachment":[{"href":"https:\/\/contraluzcucuta.co\/index.php?rest_route=%2Fwp%2Fv2%2Fmedia&parent=36258"}],"wp:term":[{"taxonomy":"category","embeddable":true,"href":"https:\/\/contraluzcucuta.co\/index.php?rest_route=%2Fwp%2Fv2%2Fcategories&post=36258"},{"taxonomy":"post_tag","embeddable":true,"href":"https:\/\/contraluzcucuta.co\/index.php?rest_route=%2Fwp%2Fv2%2Ftags&post=36258"}],"curies":[{"name":"wp","href":"https:\/\/api.w.org\/{rel}","templated":true}]}}